{"id":17173,"date":"2026-05-18T17:06:08","date_gmt":"2026-05-18T20:06:08","guid":{"rendered":"https:\/\/hostnetart.com.br\/baixada\/bancarios-do-itau-aprovam-acordo-de-renovacao-do-ccv\/"},"modified":"2026-05-18T17:06:08","modified_gmt":"2026-05-18T20:06:08","slug":"bancarios-do-itau-aprovam-acordo-de-renovacao-do-ccv","status":"publish","type":"post","link":"https:\/\/hostnetart.com.br\/baixada\/bancarios-do-itau-aprovam-acordo-de-renovacao-do-ccv\/","title":{"rendered":"Banc\u00e1rios do Ita\u00fa aprovam acordo de renova\u00e7\u00e3o do CCV"},"content":{"rendered":"<p><strong>Banc\u00e1rias<\/strong>\u00a0e\u00a0<strong>banc\u00e1rios<\/strong>\u00a0do\u00a0<strong>Ita\u00fa<\/strong>\u00a0<strong>aprovaram<\/strong>, com 100% dos votos v\u00e1lidos, atrav\u00e9s de assembleia remota, realizada na \u00faltima sexta-feira (<strong>15<\/strong>\/<strong>5<\/strong>)<strong>\u00a0<\/strong>pelo\u00a0<strong>Sindicatos<\/strong>\u00a0dos Banc\u00e1rios da Baixada Fluminense, a\u00a0<strong>renova\u00e7\u00e3o do Acordo Coletivo de Trabalho sobre a CCV \u2013 Comiss\u00e3o de Concilia\u00e7\u00e3o Volunt\u00e1ria<\/strong>, com vig\u00eancia de 2 (dois) anos.<\/p>\n<p>A CCV do Ita\u00fa \u00e9 um f\u00f3rum tripartite que re\u00fane ex-funcion\u00e1rios, representantes dos Sindicatos e do banco, que busca acordo para pend\u00eancias trabalhistas antes de recorrer \u00e0 Justi\u00e7a.<\/p>\n<p>Participaram da vota\u00e7\u00e3o as banc\u00e1rias e banc\u00e1rios, s\u00f3cios e n\u00e3o s\u00f3cios, das bases territoriais dos Sindicato dos Banc\u00e1rios filiados \u00e0 Federa\u00e7\u00e3o, que prestam servi\u00e7o para o Conglomerado Ita\u00fa composto pelas empresas: Banco Ita\u00fa Unibanco S\/A; Ita\u00fa Unibanco Holding S\/A; Banco Itaucard S\/A; Banco Ita\u00fa Consignado S\/A e Banco Ita\u00fa BBA S\/A.<\/p>\n<p>\u00a0<\/p>\n","protected":false},"excerpt":{"rendered":"<p>Banc\u00e1rias\u00a0e\u00a0banc\u00e1rios\u00a0do\u00a0Ita\u00fa\u00a0aprovaram, com 100% dos votos v\u00e1lidos, atrav\u00e9s de assembleia remota, realizada na \u00faltima sexta-feira (15\/5)\u00a0pelo\u00a0Sindicatos\u00a0dos Banc\u00e1rios da Baixada Fluminense, a\u00a0renova\u00e7\u00e3o do Acordo Coletivo de Trabalho sobre a CCV \u2013 Comiss\u00e3o de Concilia\u00e7\u00e3o Volunt\u00e1ria, com vig\u00eancia de 2 (dois) anos. A CCV do Ita\u00fa \u00e9 um f\u00f3rum tripartite que re\u00fane ex-funcion\u00e1rios, representantes dos Sindicatos e do [&hellip;]<\/p>\n","protected":false},"author":2,"featured_media":17172,"comment_status":"","ping_status":"","sticky":false,"template":"","format":"standard","meta":{"footnotes":""},"categories":[3],"tags":[],"class_list":["post-17173","post","type-post","status-publish","format-standard","has-post-thumbnail","hentry","category-noticias"],"_links":{"self":[{"href":"https:\/\/hostnetart.com.br\/baixada\/wp-json\/wp\/v2\/posts\/17173","targetHints":{"allow":["GET"]}}],"collection":[{"href":"https:\/\/hostnetart.com.br\/baixada\/wp-json\/wp\/v2\/posts"}],"about":[{"href":"https:\/\/hostnetart.com.br\/baixada\/wp-json\/wp\/v2\/types\/post"}],"author":[{"embeddable":true,"href":"https:\/\/hostnetart.com.br\/baixada\/wp-json\/wp\/v2\/users\/2"}],"replies":[{"embeddable":true,"href":"https:\/\/hostnetart.com.br\/baixada\/wp-json\/wp\/v2\/comments?post=17173"}],"version-history":[{"count":0,"href":"https:\/\/hostnetart.com.br\/baixada\/wp-json\/wp\/v2\/posts\/17173\/revisions"}],"wp:featuredmedia":[{"embeddable":true,"href":"https:\/\/hostnetart.com.br\/baixada\/wp-json\/wp\/v2\/media\/17172"}],"wp:attachment":[{"href":"https:\/\/hostnetart.com.br\/baixada\/wp-json\/wp\/v2\/media?parent=17173"}],"wp:term":[{"taxonomy":"category","embeddable":true,"href":"https:\/\/hostnetart.com.br\/baixada\/wp-json\/wp\/v2\/categories?post=17173"},{"taxonomy":"post_tag","embeddable":true,"href":"https:\/\/hostnetart.com.br\/baixada\/wp-json\/wp\/v2\/tags?post=17173"}],"curies":[{"name":"wp","href":"https:\/\/api.w.org\/{rel}","templated":true}]}}