{"id":17165,"date":"2026-05-18T13:52:13","date_gmt":"2026-05-18T16:52:13","guid":{"rendered":"https:\/\/hostnetart.com.br\/baixada\/apos-cobranca-do-sindicato-agencia-do-itau-tem-problema-com-ar-condicionado-solucionado\/"},"modified":"2026-05-18T13:52:13","modified_gmt":"2026-05-18T16:52:13","slug":"apos-cobranca-do-sindicato-agencia-do-itau-tem-problema-com-ar-condicionado-solucionado","status":"publish","type":"post","link":"https:\/\/hostnetart.com.br\/baixada\/apos-cobranca-do-sindicato-agencia-do-itau-tem-problema-com-ar-condicionado-solucionado\/","title":{"rendered":"Ap\u00f3s cobran\u00e7a do Sindicato, ag\u00eancia do Ita\u00fa tem problema com ar condicionado solucionado"},"content":{"rendered":"<p>Ap\u00f3s fiscaliza\u00e7\u00e3o e cobran\u00e7a do Sindicato dos Banc\u00e1rios da Baixada Fluminense, a ag\u00eancia 0229 do Banco Ita\u00fa, localizada em\u00a0S\u00e3o Jo\u00e3o de Meriti, teve o problema com o ar condicionado, que durava meses, resolvido.<\/p>\n<p><strong>ENTENDA<\/strong><\/p>\n<p>Em janeiro, em visitas rotineiras \u00e0 base, a Diretora\u00a0Solange Ribeiro, detectou que alguns aparelhos de ar condicionado n\u00e3o estavam funcionando de maneira ideal.<\/p>\n<p>O Sindicato, ent\u00e3o, entrou em contato\u00a0com o\u00a0setor de Rela\u00e7\u00f5es Sindicais, em fevereiro, com a sugest\u00e3o de compra de dois aparelhos novos, que dariam vaz\u00e3o no local.\u00a0<\/p>\n<p>E, com ajuda dos diretores do Sindicato e, tamb\u00e9m, funcion\u00e1rios da ag\u00eancia,\u00a0Jo\u00e3o Marcelo, Eliane de Castro e\u00a0Milene Priegue, o caso foi solucionado em abril.<\/p>\n<h2><strong>Procure o Sindicato<\/strong><\/h2>\n<p>Caso o banc\u00e1rio, na sua ag\u00eancia ou departamento, esteja enfrentando qualquer problema relacionado com a manuten\u00e7\u00e3o ou adequa\u00e7\u00e3o da unidade, ele deve procurar o Sindicato.<\/p>\n<p>O sigilo \u00e9 garantido.\u00a0<\/p>\n<p>\u00a0<\/p>\n","protected":false},"excerpt":{"rendered":"<p>Ap\u00f3s fiscaliza\u00e7\u00e3o e cobran\u00e7a do Sindicato dos Banc\u00e1rios da Baixada Fluminense, a ag\u00eancia 0229 do Banco Ita\u00fa, localizada em\u00a0S\u00e3o Jo\u00e3o de Meriti, teve o problema com o ar condicionado, que durava meses, resolvido. ENTENDA Em janeiro, em visitas rotineiras \u00e0 base, a Diretora\u00a0Solange Ribeiro, detectou que alguns aparelhos de ar condicionado n\u00e3o estavam funcionando de [&hellip;]<\/p>\n","protected":false},"author":2,"featured_media":17164,"comment_status":"","ping_status":"","sticky":false,"template":"","format":"standard","meta":{"footnotes":""},"categories":[3],"tags":[],"class_list":["post-17165","post","type-post","status-publish","format-standard","has-post-thumbnail","hentry","category-noticias"],"_links":{"self":[{"href":"https:\/\/hostnetart.com.br\/baixada\/wp-json\/wp\/v2\/posts\/17165","targetHints":{"allow":["GET"]}}],"collection":[{"href":"https:\/\/hostnetart.com.br\/baixada\/wp-json\/wp\/v2\/posts"}],"about":[{"href":"https:\/\/hostnetart.com.br\/baixada\/wp-json\/wp\/v2\/types\/post"}],"author":[{"embeddable":true,"href":"https:\/\/hostnetart.com.br\/baixada\/wp-json\/wp\/v2\/users\/2"}],"replies":[{"embeddable":true,"href":"https:\/\/hostnetart.com.br\/baixada\/wp-json\/wp\/v2\/comments?post=17165"}],"version-history":[{"count":0,"href":"https:\/\/hostnetart.com.br\/baixada\/wp-json\/wp\/v2\/posts\/17165\/revisions"}],"wp:featuredmedia":[{"embeddable":true,"href":"https:\/\/hostnetart.com.br\/baixada\/wp-json\/wp\/v2\/media\/17164"}],"wp:attachment":[{"href":"https:\/\/hostnetart.com.br\/baixada\/wp-json\/wp\/v2\/media?parent=17165"}],"wp:term":[{"taxonomy":"category","embeddable":true,"href":"https:\/\/hostnetart.com.br\/baixada\/wp-json\/wp\/v2\/categories?post=17165"},{"taxonomy":"post_tag","embeddable":true,"href":"https:\/\/hostnetart.com.br\/baixada\/wp-json\/wp\/v2\/tags?post=17165"}],"curies":[{"name":"wp","href":"https:\/\/api.w.org\/{rel}","templated":true}]}}