{"id":1716,"date":"2013-11-18T00:00:00","date_gmt":"2013-11-18T02:00:00","guid":{"rendered":"https:\/\/hostnetart.com.br\/baixada\/termina-hoje-eleicao-ao-ca-da-caixa-contraf-cut-pede-votos-a-chapa-130\/"},"modified":"2013-11-18T00:00:00","modified_gmt":"2013-11-18T02:00:00","slug":"termina-hoje-eleicao-ao-ca-da-caixa-contraf-cut-pede-votos-a-chapa-130","status":"publish","type":"post","link":"https:\/\/hostnetart.com.br\/baixada\/termina-hoje-eleicao-ao-ca-da-caixa-contraf-cut-pede-votos-a-chapa-130\/","title":{"rendered":"Termina hoje elei\u00e7\u00e3o ao CA da Caixa. Contraf-CUT pede votos \u00e0 Chapa 130"},"content":{"rendered":"<p>Terminam nesta segunda-feira, dia 18, as elei\u00e7\u00f5es para o Conselho de Administra\u00e7\u00e3o (CA) da Caixa Econ\u00f4mica Federal. A Contraf-CUT apoia a chapa 130, formada por Fernando Neiva para titular e Maria Rita Serrano para suplente.<\/p>\n<p>\u00a0<\/p>\n<p>A participa\u00e7\u00e3o dos trabalhadores na administra\u00e7\u00e3o da Caixa \u00e9 uma conquista hist\u00f3rica dos empregados. O voto \u00e9 secreto, facultativo e \u00e9 feito por meio eletr\u00f4nico. Todos os empregados ativos poder\u00e3o votar. N\u00e3o deixe de votar. Hoje \u00e9 o \u00faltimo dia.<\/p>\n<p>\u00a0<\/p>\n<p>\u00a0<\/p>\n<p><strong>Fernando Neiva<\/strong><\/p>\n<p>\u00a0<\/p>\n<p>\u201cFernando Neiva e Rita Serrano t\u00eam uma longa trajet\u00f3ria de luta em defesa dos banc\u00e1rios e dos trabalhadores. Temos certeza de que s\u00e3o a melhor op\u00e7\u00e3o e a garantia de uma representa\u00e7\u00e3o real e qualificada dos empregados na defesa de seus direitos junto \u00e0 mais alta inst\u00e2ncia de decis\u00e3o da Caixa, institui\u00e7\u00e3o financeira p\u00fablica indispens\u00e1vel para o desenvolvimento econ\u00f4mico e social do pa\u00eds\u201d, afirma Carlos Cordeiro, presidente da Contraf-CUT.<\/p>\n<p>\u00a0<\/p>\n<p>Fernando Neiva \u00e9 economista com extens\u00e3o em Agenda das Pol\u00edticas P\u00fablicas: Tend\u00eancias Contempor\u00e2neas e p\u00f3s-gradua\u00e7\u00e3o em Pol\u00edticas P\u00fablicas, Estrat\u00e9gia de Gest\u00e3o. Atualmente, cursa Direito.<\/p>\n<p>\u00a0<\/p>\n<p>Ele ingressou na Caixa em 1989 e integrou as diretorias do Sindicato dos Banc\u00e1rios de BH e Regi\u00e3o a partir de 1996, tendo sido presidente entre 1999 e 2008. Atualmente, \u00e9 diretor do Departamento Jur\u00eddico da entidade. Foi tamb\u00e9m membro do Conselho Fiscal da APCEF\/MG, diretor da Fenae e da CUT Nacional.<\/p>\n<p>\u00a0<\/p>\n<p>\u00a0<\/p>\n<p><strong>Rita Serrano<\/strong><\/p>\n<p>\u00a0<\/p>\n<p>Maria Rita Serrano \u00e9 mestre em Administra\u00e7\u00e3o, em Hist\u00f3ria e em Estudos Sociais. \u00c9 empregada da Caixa desde 1989. Foi vice-prefeita de Rio Grande da Serra (SP) e respondeu durante o mandato pela Secretaria de Cidadania do munic\u00edpio. \u00c9 autora do livro O desenvolvimento socioecon\u00f4mico de Rio Grande da Serra.<\/p>\n<p>\u00a0<\/p>\n<p>Ela foi secret\u00e1ria de Finan\u00e7as da Fetec\/SP, integrou por duas gest\u00f5es o Comit\u00ea de Investimento da Funcef e participou da Comiss\u00e3o Executiva dos Empregados (CEE-Caixa) entre 2003 e 2009. Presidiu o Sindicato dos Banc\u00e1rios do ABC entre 2006 e 2012. \u00c9 diretora do Sindicato e da Ag\u00eancia de Desenvolvimento Econ\u00f4mico do ABC.<\/p>\n<p>\u00a0<\/p>\n<p>Fonte: Contraf-CUT<\/p>\n","protected":false},"excerpt":{"rendered":"<p>Terminam nesta segunda-feira, dia 18, as elei\u00e7\u00f5es para o Conselho de Administra\u00e7\u00e3o (CA) da Caixa Econ\u00f4mica Federal. A Contraf-CUT apoia a chapa 130, formada por Fernando Neiva para titular e Maria Rita Serrano para suplente. \u00a0 A participa\u00e7\u00e3o dos trabalhadores na administra\u00e7\u00e3o da Caixa \u00e9 uma conquista hist\u00f3rica dos empregados. O voto \u00e9 secreto, facultativo [&hellip;]<\/p>\n","protected":false},"author":1,"featured_media":0,"comment_status":"","ping_status":"","sticky":false,"template":"","format":"standard","meta":{"footnotes":""},"categories":[3],"tags":[],"class_list":["post-1716","post","type-post","status-publish","format-standard","hentry","category-noticias"],"_links":{"self":[{"href":"https:\/\/hostnetart.com.br\/baixada\/wp-json\/wp\/v2\/posts\/1716","targetHints":{"allow":["GET"]}}],"collection":[{"href":"https:\/\/hostnetart.com.br\/baixada\/wp-json\/wp\/v2\/posts"}],"about":[{"href":"https:\/\/hostnetart.com.br\/baixada\/wp-json\/wp\/v2\/types\/post"}],"author":[{"embeddable":true,"href":"https:\/\/hostnetart.com.br\/baixada\/wp-json\/wp\/v2\/users\/1"}],"replies":[{"embeddable":true,"href":"https:\/\/hostnetart.com.br\/baixada\/wp-json\/wp\/v2\/comments?post=1716"}],"version-history":[{"count":0,"href":"https:\/\/hostnetart.com.br\/baixada\/wp-json\/wp\/v2\/posts\/1716\/revisions"}],"wp:attachment":[{"href":"https:\/\/hostnetart.com.br\/baixada\/wp-json\/wp\/v2\/media?parent=1716"}],"wp:term":[{"taxonomy":"category","embeddable":true,"href":"https:\/\/hostnetart.com.br\/baixada\/wp-json\/wp\/v2\/categories?post=1716"},{"taxonomy":"post_tag","embeddable":true,"href":"https:\/\/hostnetart.com.br\/baixada\/wp-json\/wp\/v2\/tags?post=1716"}],"curies":[{"name":"wp","href":"https:\/\/api.w.org\/{rel}","templated":true}]}}