{"id":17139,"date":"2026-04-30T15:51:09","date_gmt":"2026-04-30T18:51:09","guid":{"rendered":"https:\/\/hostnetart.com.br\/baixada\/28-conferencia-interestadual-ocorre-dia-30-de-maio-em-nova-friburgo\/"},"modified":"2026-04-30T15:51:09","modified_gmt":"2026-04-30T18:51:09","slug":"28-conferencia-interestadual-ocorre-dia-30-de-maio-em-nova-friburgo","status":"publish","type":"post","link":"https:\/\/hostnetart.com.br\/baixada\/28-conferencia-interestadual-ocorre-dia-30-de-maio-em-nova-friburgo\/","title":{"rendered":"28\u00aa Confer\u00eancia Interestadual ocorre dia 30 de maio em Nova Friburgo"},"content":{"rendered":"<p>No dia 30 de maio, s\u00e1bado, das 10 horas \u00e0s 17 horas, a Federa\u00e7\u00e3o dos Trabalhadores do Ramo Financeiro dos Estados do Rio de Janeiro e Esp\u00edrito Santo (Fetraf RJ\/ES), da qual o Sindicato dos Banc\u00e1rios da Baixada Fluminense \u00e9 filiado, realizar\u00e1 sua 28\u00aa Confer\u00eancia Interestadual, na cidade de Nova Friburgo (RJ).<\/p>\n<p>Na Confer\u00eancia, al\u00e9m de debates espec\u00edficos da categoria, ser\u00e3o apresentadas propostas resultantes de consultas e elei\u00e7\u00e3o da delega\u00e7\u00e3o para a Confer\u00eancia Nacional.<\/p>\n<p>Podem participar os banc\u00e1rios e banc\u00e1rias da ativa e aposentados\/aposentadas de bancos p\u00fablicos e privados dos munic\u00edpios que comp\u00f5em as bases dos Sindicatos filiados \u00e0 Federa\u00e7\u00e3o, com direito a voz e voto.<\/p>\n<p>Para participar, consulte o diretor ou diretora de sua \u00e1rea.<\/p>\n","protected":false},"excerpt":{"rendered":"<p>No dia 30 de maio, s\u00e1bado, das 10 horas \u00e0s 17 horas, a Federa\u00e7\u00e3o dos Trabalhadores do Ramo Financeiro dos Estados do Rio de Janeiro e Esp\u00edrito Santo (Fetraf RJ\/ES), da qual o Sindicato dos Banc\u00e1rios da Baixada Fluminense \u00e9 filiado, realizar\u00e1 sua 28\u00aa Confer\u00eancia Interestadual, na cidade de Nova Friburgo (RJ). Na Confer\u00eancia, al\u00e9m [&hellip;]<\/p>\n","protected":false},"author":2,"featured_media":17138,"comment_status":"","ping_status":"","sticky":false,"template":"","format":"standard","meta":{"footnotes":""},"categories":[3],"tags":[],"class_list":["post-17139","post","type-post","status-publish","format-standard","has-post-thumbnail","hentry","category-noticias"],"_links":{"self":[{"href":"https:\/\/hostnetart.com.br\/baixada\/wp-json\/wp\/v2\/posts\/17139","targetHints":{"allow":["GET"]}}],"collection":[{"href":"https:\/\/hostnetart.com.br\/baixada\/wp-json\/wp\/v2\/posts"}],"about":[{"href":"https:\/\/hostnetart.com.br\/baixada\/wp-json\/wp\/v2\/types\/post"}],"author":[{"embeddable":true,"href":"https:\/\/hostnetart.com.br\/baixada\/wp-json\/wp\/v2\/users\/2"}],"replies":[{"embeddable":true,"href":"https:\/\/hostnetart.com.br\/baixada\/wp-json\/wp\/v2\/comments?post=17139"}],"version-history":[{"count":0,"href":"https:\/\/hostnetart.com.br\/baixada\/wp-json\/wp\/v2\/posts\/17139\/revisions"}],"wp:featuredmedia":[{"embeddable":true,"href":"https:\/\/hostnetart.com.br\/baixada\/wp-json\/wp\/v2\/media\/17138"}],"wp:attachment":[{"href":"https:\/\/hostnetart.com.br\/baixada\/wp-json\/wp\/v2\/media?parent=17139"}],"wp:term":[{"taxonomy":"category","embeddable":true,"href":"https:\/\/hostnetart.com.br\/baixada\/wp-json\/wp\/v2\/categories?post=17139"},{"taxonomy":"post_tag","embeddable":true,"href":"https:\/\/hostnetart.com.br\/baixada\/wp-json\/wp\/v2\/tags?post=17139"}],"curies":[{"name":"wp","href":"https:\/\/api.w.org\/{rel}","templated":true}]}}