{"id":17135,"date":"2026-04-28T15:02:42","date_gmt":"2026-04-28T18:02:42","guid":{"rendered":"https:\/\/hostnetart.com.br\/baixada\/movimento-sindical\/"},"modified":"2026-04-28T15:02:42","modified_gmt":"2026-04-28T18:02:42","slug":"movimento-sindical","status":"publish","type":"post","link":"https:\/\/hostnetart.com.br\/baixada\/movimento-sindical\/","title":{"rendered":"Movimento Sindical cobra resposta da Caixa sobre melhorias em mecanismos de prote\u00e7\u00e3o a v\u00edtimas de viol\u00eancia"},"content":{"rendered":"<p>A Confedera\u00e7\u00e3o Nacional dos Trabalhadores do Ramo Financeiro (Contraf-CUT) cobra da Caixa Econ\u00f4mica Federal respostas \u00e0s reivindica\u00e7\u00f5es apresentadas na reuni\u00e3o de negocia\u00e7\u00e3o realizada em 31 de mar\u00e7o, que tratou do aperfei\u00e7oamento dos mecanismos de prote\u00e7\u00e3o \u00e0s empregadas v\u00edtimas de viol\u00eancia dom\u00e9stica e de situa\u00e7\u00f5es de viol\u00eancia no ambiente de trabalho.<\/p>\n<p>Durante o encontro, a Comiss\u00e3o Executiva dos Empregados (CEE\/Caixa), que assessora a Contraf-CUT nas negocia\u00e7\u00f5es com o banco, destacou a necessidade de aprimorar tanto as ferramentas quanto as normas que regulamentam o uso dos instrumentos previstos na Conven\u00e7\u00e3o Coletiva de Trabalho (CCT) e no Acordo Coletivo de Trabalho (ACT) da Caixa.<\/p>\n<h2><strong>Garantia de prote\u00e7\u00e3o sem preju\u00edzos<\/strong><\/h2>\n<p>A principal preocupa\u00e7\u00e3o da representa\u00e7\u00e3o dos trabalhadores \u00e9 assegurar que as empregadas que recorrem a esses mecanismos n\u00e3o sejam prejudicadas profissional ou financeiramente.<\/p>\n<p>\u201c\u00c9 preciso garantir que as empregadas n\u00e3o ser\u00e3o prejudicadas. A mulher j\u00e1 est\u00e1 passando por uma situa\u00e7\u00e3o que \u00e9, muitas vezes, desesperadora, e ela pode acabar optando por ser transferida, mesmo sem fun\u00e7\u00e3o, para fugir da situa\u00e7\u00e3o de risco\u201d, afirmou a representante da Fetrafi\/RS, Sabrina Muniz.<\/p>\n<p>A avalia\u00e7\u00e3o das entidades \u00e9 de que, sem ajustes nas regras, o uso dos mecanismos de prote\u00e7\u00e3o pode acabar gerando novas perdas \u00e0s v\u00edtimas, o que contraria o objetivo das cl\u00e1usulas negociadas.<\/p>\n<h2><strong>Cobran\u00e7a por dados e melhorias no programa Acolhe<\/strong><\/h2>\n<p>A representante da Fetrafi\/NE na CEE, C\u00e2ndida Fernandes (Chay), destacou que, na \u00faltima reuni\u00e3o, a representa\u00e7\u00e3o dos trabalhadores cobrou maior transpar\u00eancia e efetividade nas a\u00e7\u00f5es do banco.<\/p>\n<p>\u201cNa \u00faltima reuni\u00e3o, falamos sobre o programa e cobramos n\u00fameros concretos, al\u00e9m de solu\u00e7\u00f5es de encaminhamento para os casos de den\u00fancia de ass\u00e9dio e de viol\u00eancia dom\u00e9stica. Tamb\u00e9m defendemos melhorias no programa Acolhe, para garantir que as mulheres v\u00edtimas de viol\u00eancia n\u00e3o percam renda, nem fun\u00e7\u00e3o comissionada quando precisarem utilizar medidas protetivas, mesmo que sejam transferidas para unidades onde n\u00e3o exista o cargo ou que tenham porte menor\u201d, afirmou.<\/p>\n<h2><strong>Principais cobran\u00e7as apresentadas<\/strong><\/h2>\n<p>Entre as demandas levadas \u00e0 Caixa, destacam-se:<\/p>\n<ul>\n<li>Garantia de que mulheres transferidas por motivo de viol\u00eancia n\u00e3o tenham perda de renda;<\/li>\n<li>Maior agilidade na an\u00e1lise e execu\u00e7\u00e3o dos pedidos;<\/li>\n<li>Solu\u00e7\u00f5es para casos em que a viol\u00eancia \u00e9 cometida por outro empregado da Caixa e exigem medidas protetivas;<\/li>\n<li>Alternativas para situa\u00e7\u00f5es em que a viol\u00eancia \u00e9 praticada por clientes, especialmente em localidades onde n\u00e3o h\u00e1 outra ag\u00eancia para realoca\u00e7\u00e3o da trabalhadora.<\/li>\n<\/ul>\n<h2><strong>Necessidade de respostas concretas<\/strong><\/h2>\n<p>A Contraf-CUT reconhece que a Caixa avan\u00e7ou na cria\u00e7\u00e3o de canais e pol\u00edticas de apoio, mas avalia que ainda h\u00e1 lacunas importantes que precisam ser corrigidas com urg\u00eancia.<\/p>\n<p>A entidade refor\u00e7a que os instrumentos previstos nas normas coletivas existem justamente para proteger as trabalhadoras em situa\u00e7\u00f5es de vulnerabilidade e, por isso, precisam ser efetivos, acess\u00edveis e livres de entraves burocr\u00e1ticos.<\/p>\n<p>\u201cGarantir prote\u00e7\u00e3o integral \u00e0s v\u00edtimas de viol\u00eancia n\u00e3o \u00e9 apenas uma quest\u00e3o de gest\u00e3o interna, mas de responsabilidade social e compromisso com a dignidade das trabalhadoras\u201d, disse a secret\u00e1ria da Mulher da Contraf-CUT, Fernanda Lopes.<\/p>\n<p><em><strong>Fonte: Contraf-CUT<\/strong><\/em><\/p>\n","protected":false},"excerpt":{"rendered":"<p>A Confedera\u00e7\u00e3o Nacional dos Trabalhadores do Ramo Financeiro (Contraf-CUT) cobra da Caixa Econ\u00f4mica Federal respostas \u00e0s reivindica\u00e7\u00f5es apresentadas na reuni\u00e3o de negocia\u00e7\u00e3o realizada em 31 de mar\u00e7o, que tratou do aperfei\u00e7oamento dos mecanismos de prote\u00e7\u00e3o \u00e0s empregadas v\u00edtimas de viol\u00eancia dom\u00e9stica e de situa\u00e7\u00f5es de viol\u00eancia no ambiente de trabalho. Durante o encontro, a Comiss\u00e3o [&hellip;]<\/p>\n","protected":false},"author":2,"featured_media":17134,"comment_status":"","ping_status":"","sticky":false,"template":"","format":"standard","meta":{"footnotes":""},"categories":[3],"tags":[],"class_list":["post-17135","post","type-post","status-publish","format-standard","has-post-thumbnail","hentry","category-noticias"],"_links":{"self":[{"href":"https:\/\/hostnetart.com.br\/baixada\/wp-json\/wp\/v2\/posts\/17135","targetHints":{"allow":["GET"]}}],"collection":[{"href":"https:\/\/hostnetart.com.br\/baixada\/wp-json\/wp\/v2\/posts"}],"about":[{"href":"https:\/\/hostnetart.com.br\/baixada\/wp-json\/wp\/v2\/types\/post"}],"author":[{"embeddable":true,"href":"https:\/\/hostnetart.com.br\/baixada\/wp-json\/wp\/v2\/users\/2"}],"replies":[{"embeddable":true,"href":"https:\/\/hostnetart.com.br\/baixada\/wp-json\/wp\/v2\/comments?post=17135"}],"version-history":[{"count":0,"href":"https:\/\/hostnetart.com.br\/baixada\/wp-json\/wp\/v2\/posts\/17135\/revisions"}],"wp:featuredmedia":[{"embeddable":true,"href":"https:\/\/hostnetart.com.br\/baixada\/wp-json\/wp\/v2\/media\/17134"}],"wp:attachment":[{"href":"https:\/\/hostnetart.com.br\/baixada\/wp-json\/wp\/v2\/media?parent=17135"}],"wp:term":[{"taxonomy":"category","embeddable":true,"href":"https:\/\/hostnetart.com.br\/baixada\/wp-json\/wp\/v2\/categories?post=17135"},{"taxonomy":"post_tag","embeddable":true,"href":"https:\/\/hostnetart.com.br\/baixada\/wp-json\/wp\/v2\/tags?post=17135"}],"curies":[{"name":"wp","href":"https:\/\/api.w.org\/{rel}","templated":true}]}}