{"id":17133,"date":"2026-04-28T15:00:52","date_gmt":"2026-04-28T18:00:52","guid":{"rendered":"https:\/\/hostnetart.com.br\/baixada\/chapa-2-previ-para-os-associados-vence-eleicao-e-assume-mandato-2026-2030-na-previ\/"},"modified":"2026-04-28T15:00:52","modified_gmt":"2026-04-28T18:00:52","slug":"chapa-2-previ-para-os-associados-vence-eleicao-e-assume-mandato-2026-2030-na-previ","status":"publish","type":"post","link":"https:\/\/hostnetart.com.br\/baixada\/chapa-2-previ-para-os-associados-vence-eleicao-e-assume-mandato-2026-2030-na-previ\/","title":{"rendered":"Chapa 2 \u2013 Previ para os Associados vence elei\u00e7\u00e3o e assume mandato 2026\/2030 na Previ"},"content":{"rendered":"<p>A Chapa 2 \u2013 Previ para os Associados, apoiada pelo movimento sindical, venceu as elei\u00e7\u00f5es da Previ, entidade de previd\u00eancia complementar dos funcion\u00e1rios do Banco do Brasil, para o mandato 2026\/2030. A vota\u00e7\u00e3o foi encerrada \u00e0s 18h desta segunda-feira (27).<\/p>\n<p>Encabe\u00e7ada por Alencar Ferreira, a Chapa 2 recebeu 49.379 votos dos associados. Com o resultado, Alencar foi eleito diretor de Administra\u00e7\u00e3o da Previ, representando os participantes da entidade.<\/p>\n<p>Al\u00e9m da Diretoria de Administra\u00e7\u00e3o, a Chapa 2 tamb\u00e9m conquistou vagas importantes na governan\u00e7a da Previ. Foram eleitos representantes dos associados para a Diretoria de Planejamento, o Conselho Deliberativo, o Conselho Fiscal e os Conselhos Consultivos do Plano 1 e do Previ Futuro.<\/p>\n<p>A elei\u00e7\u00e3o refor\u00e7a a participa\u00e7\u00e3o dos associados na gest\u00e3o da maior entidade fechada de previd\u00eancia complementar da Am\u00e9rica Latina, garantindo representa\u00e7\u00e3o comprometida com a defesa dos direitos dos participantes, aposentados e pensionistas do Banco do Brasil.<\/p>\n<p>O resultado tamb\u00e9m consolida o apoio do movimento sindical \u00e0 proposta de uma gest\u00e3o transparente, participativa e voltada \u00e0 prote\u00e7\u00e3o do patrim\u00f4nio previdenci\u00e1rio dos associados.<\/p>\n<p><strong>Fonte: Contraf-CUT<\/strong><\/p>\n","protected":false},"excerpt":{"rendered":"<p>A Chapa 2 \u2013 Previ para os Associados, apoiada pelo movimento sindical, venceu as elei\u00e7\u00f5es da Previ, entidade de previd\u00eancia complementar dos funcion\u00e1rios do Banco do Brasil, para o mandato 2026\/2030. A vota\u00e7\u00e3o foi encerrada \u00e0s 18h desta segunda-feira (27). Encabe\u00e7ada por Alencar Ferreira, a Chapa 2 recebeu 49.379 votos dos associados. Com o resultado, [&hellip;]<\/p>\n","protected":false},"author":2,"featured_media":17132,"comment_status":"","ping_status":"","sticky":false,"template":"","format":"standard","meta":{"footnotes":""},"categories":[3],"tags":[],"class_list":["post-17133","post","type-post","status-publish","format-standard","has-post-thumbnail","hentry","category-noticias"],"_links":{"self":[{"href":"https:\/\/hostnetart.com.br\/baixada\/wp-json\/wp\/v2\/posts\/17133","targetHints":{"allow":["GET"]}}],"collection":[{"href":"https:\/\/hostnetart.com.br\/baixada\/wp-json\/wp\/v2\/posts"}],"about":[{"href":"https:\/\/hostnetart.com.br\/baixada\/wp-json\/wp\/v2\/types\/post"}],"author":[{"embeddable":true,"href":"https:\/\/hostnetart.com.br\/baixada\/wp-json\/wp\/v2\/users\/2"}],"replies":[{"embeddable":true,"href":"https:\/\/hostnetart.com.br\/baixada\/wp-json\/wp\/v2\/comments?post=17133"}],"version-history":[{"count":0,"href":"https:\/\/hostnetart.com.br\/baixada\/wp-json\/wp\/v2\/posts\/17133\/revisions"}],"wp:featuredmedia":[{"embeddable":true,"href":"https:\/\/hostnetart.com.br\/baixada\/wp-json\/wp\/v2\/media\/17132"}],"wp:attachment":[{"href":"https:\/\/hostnetart.com.br\/baixada\/wp-json\/wp\/v2\/media?parent=17133"}],"wp:term":[{"taxonomy":"category","embeddable":true,"href":"https:\/\/hostnetart.com.br\/baixada\/wp-json\/wp\/v2\/categories?post=17133"},{"taxonomy":"post_tag","embeddable":true,"href":"https:\/\/hostnetart.com.br\/baixada\/wp-json\/wp\/v2\/tags?post=17133"}],"curies":[{"name":"wp","href":"https:\/\/api.w.org\/{rel}","templated":true}]}}