{"id":17131,"date":"2026-04-28T14:57:42","date_gmt":"2026-04-28T17:57:42","guid":{"rendered":"https:\/\/hostnetart.com.br\/baixada\/28-de-abril-marca-luta-pela-saude-no-trabalho-e-memoria-das-vitimas-de-acidentes-e-doencas-ocupacionais\/"},"modified":"2026-04-28T14:57:42","modified_gmt":"2026-04-28T17:57:42","slug":"28-de-abril-marca-luta-pela-saude-no-trabalho-e-memoria-das-vitimas-de-acidentes-e-doencas-ocupacionais","status":"publish","type":"post","link":"https:\/\/hostnetart.com.br\/baixada\/28-de-abril-marca-luta-pela-saude-no-trabalho-e-memoria-das-vitimas-de-acidentes-e-doencas-ocupacionais\/","title":{"rendered":"28 de abril marca luta pela sa\u00fade no trabalho e mem\u00f3ria das v\u00edtimas de acidentes e doen\u00e7as ocupacionais"},"content":{"rendered":"<p>O dia 28 de abril \u00e9 marcado mundialmente como o Dia Mundial de Seguran\u00e7a e Sa\u00fade no Trabalho e, no Brasil, tamb\u00e9m como o Dia Nacional em Mem\u00f3ria das V\u00edtimas de Acidentes e Doen\u00e7as do Trabalho. A data chama a aten\u00e7\u00e3o para a import\u00e2ncia da preven\u00e7\u00e3o e para a necessidade de preservar a vida e a sa\u00fade dos trabalhadores.<\/p>\n<p>A origem da mobiliza\u00e7\u00e3o remete a 1969, quando uma explos\u00e3o em uma mina na cidade de Farmington, no estado da Virg\u00ednia, nos Estados Unidos, provocou a morte de 78 trabalhadores. A trag\u00e9dia motivou movimentos sociais a institu\u00edrem o dia como s\u00edmbolo da luta por ambientes laborais mais seguros. Em 2003, a Organiza\u00e7\u00e3o Internacional do Trabalho (OIT) oficializou o 28 de abril como uma data internacional dedicada \u00e0 promo\u00e7\u00e3o da sa\u00fade e seguran\u00e7a no trabalho.<\/p>\n<p>Desde ent\u00e3o, sindicatos, entidades e movimentos sociais realizam atividades em todo o mundo para lembrar as v\u00edtimas e cobrar medidas efetivas de preven\u00e7\u00e3o.<\/p>\n<p>Para o secret\u00e1rio de Sa\u00fade da Confedera\u00e7\u00e3o Nacional dos Trabalhadores do Ramo Financeiro (Contraf-CUT), Mauro Salles, \u00e9 fundamental ampliar o debate sobre o tema. \u201c\u00c9 fundamental que a sociedade reconhe\u00e7a a gravidade da situa\u00e7\u00e3o de sa\u00fade dos trabalhadores. S\u00e3o milhares de doentes, invalidados e mortos no trabalho\u201d, afirmou.<\/p>\n<p>Segundo ele, a preven\u00e7\u00e3o s\u00f3 ser\u00e1 efetiva quando houver enfrentamento das causas estruturais do adoecimento. \u201cPrecisamos olhar para onde os problemas se originam, nas rela\u00e7\u00f5es de trabalho violentas. N\u00e3o podemos banalizar a situa\u00e7\u00e3o. H\u00e1 uma tentativa de normalizar acidentes e doen\u00e7as relacionadas ao trabalho, mas nem tudo que \u00e9 normal \u00e9 saud\u00e1vel\u201d, destacou.<\/p>\n<p>Mauro Salles alerta ainda que o adoecimento laboral tem sido tratado como algo natural em diversas categorias profissionais, inclusive no setor banc\u00e1rio. \u201cAs patologias do trabalho produzem la\u00e7os sociais perversos, fundamentados na normaliza\u00e7\u00e3o do adoecimento, fazendo crer que \u00e9 normal adoecer pelo trabalho banc\u00e1rio ou continuar trabalhando doente, levando os trabalhadores a tratamentos m\u00e9dicos constantes e ao uso de medicamentos\u201d, explicou.<\/p>\n<p>Para o dirigente, o enfrentamento do problema exige a\u00e7\u00f5es estruturadas e permanentes. \u201cCarecemos de uma pol\u00edtica de Estado para o tema, integrando a\u00e7\u00f5es com fiscaliza\u00e7\u00e3o efetiva e uma pol\u00edtica ativa de promo\u00e7\u00e3o da sa\u00fade. Precisamos colocar essa discuss\u00e3o no centro da agenda nacional para enfrentar essa verdadeira trag\u00e9dia cotidiana, que provoca sofrimento, ang\u00fastia, depress\u00e3o, acidentes, doen\u00e7as e mortes evit\u00e1veis\u201d, concluiu.<\/p>\n<p>A data refor\u00e7a a import\u00e2ncia da mobiliza\u00e7\u00e3o permanente em defesa da vida, da dignidade e de condi\u00e7\u00f5es de trabalho saud\u00e1veis para toda a classe trabalhadora.<\/p>\n<p><strong>Fonte: Contraf-CUT<\/strong><\/p>\n","protected":false},"excerpt":{"rendered":"<p>O dia 28 de abril \u00e9 marcado mundialmente como o Dia Mundial de Seguran\u00e7a e Sa\u00fade no Trabalho e, no Brasil, tamb\u00e9m como o Dia Nacional em Mem\u00f3ria das V\u00edtimas de Acidentes e Doen\u00e7as do Trabalho. A data chama a aten\u00e7\u00e3o para a import\u00e2ncia da preven\u00e7\u00e3o e para a necessidade de preservar a vida e [&hellip;]<\/p>\n","protected":false},"author":2,"featured_media":17130,"comment_status":"","ping_status":"","sticky":false,"template":"","format":"standard","meta":{"footnotes":""},"categories":[3],"tags":[],"class_list":["post-17131","post","type-post","status-publish","format-standard","has-post-thumbnail","hentry","category-noticias"],"_links":{"self":[{"href":"https:\/\/hostnetart.com.br\/baixada\/wp-json\/wp\/v2\/posts\/17131","targetHints":{"allow":["GET"]}}],"collection":[{"href":"https:\/\/hostnetart.com.br\/baixada\/wp-json\/wp\/v2\/posts"}],"about":[{"href":"https:\/\/hostnetart.com.br\/baixada\/wp-json\/wp\/v2\/types\/post"}],"author":[{"embeddable":true,"href":"https:\/\/hostnetart.com.br\/baixada\/wp-json\/wp\/v2\/users\/2"}],"replies":[{"embeddable":true,"href":"https:\/\/hostnetart.com.br\/baixada\/wp-json\/wp\/v2\/comments?post=17131"}],"version-history":[{"count":0,"href":"https:\/\/hostnetart.com.br\/baixada\/wp-json\/wp\/v2\/posts\/17131\/revisions"}],"wp:featuredmedia":[{"embeddable":true,"href":"https:\/\/hostnetart.com.br\/baixada\/wp-json\/wp\/v2\/media\/17130"}],"wp:attachment":[{"href":"https:\/\/hostnetart.com.br\/baixada\/wp-json\/wp\/v2\/media?parent=17131"}],"wp:term":[{"taxonomy":"category","embeddable":true,"href":"https:\/\/hostnetart.com.br\/baixada\/wp-json\/wp\/v2\/categories?post=17131"},{"taxonomy":"post_tag","embeddable":true,"href":"https:\/\/hostnetart.com.br\/baixada\/wp-json\/wp\/v2\/tags?post=17131"}],"curies":[{"name":"wp","href":"https:\/\/api.w.org\/{rel}","templated":true}]}}