{"id":17127,"date":"2026-04-24T16:27:25","date_gmt":"2026-04-24T19:27:25","guid":{"rendered":"https:\/\/hostnetart.com.br\/baixada\/sindicato-participa-da-conferencia-estadual-dos-bancarios-no-espirito-santo\/"},"modified":"2026-04-24T16:27:25","modified_gmt":"2026-04-24T19:27:25","slug":"sindicato-participa-da-conferencia-estadual-dos-bancarios-no-espirito-santo","status":"publish","type":"post","link":"https:\/\/hostnetart.com.br\/baixada\/sindicato-participa-da-conferencia-estadual-dos-bancarios-no-espirito-santo\/","title":{"rendered":"Sindicato participa da Confer\u00eancia Estadual dos Banc\u00e1rios no Esp\u00edrito Santo"},"content":{"rendered":"<\/p>\n<p>Nos dias <strong>24 e 25 de abril<\/strong>, ocorre a <strong>Confer\u00eancia Estadual das Banc\u00e1rias e dos Banc\u00e1rios 2026<\/strong>, no\u00a0<strong>Esp\u00edrito Santo, <\/strong>com o tema<strong>\u00a0<\/strong>\u201c<em><strong>Na guerra contra o fascismo, nossa luta \u00e9 por soberania, direitos e vida<\/strong><\/em>\u201d.<\/p>\n<p>O Diretor do Sindicato dos Banc\u00e1rios da Baixada Fluminense, Fernando Correia de S\u00e1, representa a entidade no evento.\u00a0<\/p>\n<p>As mesas v\u00e3o debater temas relacionados \u00e0 escalada do fascismo no Brasil e no mundo e apontar as estrat\u00e9gias de enfrentamento da classe trabalhadora.<\/p>\n<p>O Comando Nacional definiu os eixos tem\u00e1ticos que v\u00e3o nortear as confer\u00eancias estaduais e regionais deste ano:<\/p>\n<p>\u2013 Aumento real; \u2013 Aumento do piso da categoria;<\/p>\n<p>\u2013 Aumento da PLR;<\/p>\n<p>\u2013 Sa\u00fade: bem-estar e combate ao adoecimento;<\/p>\n<p>\u2013 Defesa do emprego frente \u00e0 implementa\u00e7\u00e3o das novas tecnologias;<\/p>\n<p>\u2013 Por um Sistema Financeiro melhor e mais regulado;<\/p>\n<p>\u2013 Import\u00e2ncia das elei\u00e7\u00f5es 2026 para a classe trabalhadora.<\/p>\n<p>Os eixos definidos pelo Comando serviram de refer\u00eancia para a organiza\u00e7\u00e3o da Confer\u00eancia Estadual.<\/p>\n<p><b>Confira a programa\u00e7\u00e3o:<\/b><\/p>\n<p><strong>Sexta-feira (24)<\/strong><\/p>\n<p><strong>9h- Debate: \u201cVivemos uma epidemia do adoecimento mental dos trabalhadores?\u201d<\/strong><\/p>\n<p><strong>Convidado: <\/strong><\/p>\n<p><strong>Andr\u00e9 Guerra \u2013<\/strong> psic\u00f3logo, advogado, jornalista, doutor em Psicologia Social, Assessor T\u00e9cnico do Sindicato dos Banc\u00e1rios de Porto Alegre e da Fetrafi-RS<\/p>\n<p><strong>12h30 \u2013 Almo\u00e7o\u00a0<\/strong><\/p>\n<p><strong>14 h- Congressos espec\u00edficos dos bancos p\u00fablicos e privados<\/strong><\/p>\n<p>1<strong>8h- Encerramento dos congressos espec\u00edficos<\/strong><\/p>\n<p><strong>19h- Jantar\u00a0<\/strong><\/p>\n<p><strong>20h- Abertura da Confer\u00eancia Estadual dos Banc\u00e1rios e das Banc\u00e1rias 2026<\/strong><\/p>\n<ul>\n<li><strong>S\u00e1bado (25)<\/strong><\/li>\n<\/ul>\n<p><strong>9h \u2013 Debate: \u201cConjunturas: desafios e perspectivas para a classe trabalhadora\u201d<\/strong><\/p>\n<p><strong>Convidados:<\/strong><\/p>\n<p><strong>Pedro Donizete da Costa J\u00fanior \u2013\u00a0<\/strong>Doutor em Ci\u00eancia Pol\u00edtica na USP,\u00a0 Professor licenciado de Rela\u00e7\u00f5es Internacionais e Economia das Faculdades de Campinas (FACAMP). Atua predominantemente nas \u00e1reas de Economia Pol\u00edtica Internacional, Geopol\u00edtica, Filosofia Pol\u00edtica, Rela\u00e7\u00f5es Internacionais Contempor\u00e2neas e Teoria das Rela\u00e7\u00f5es Internacionais. Autor dos livros \u201cO Poder Americano no Sistema Mundial Moderno: Colapso ou Mito do Colapso?\u201d;(Curitiba: Editora Appris, 2019). \u201cEUA X China: A Luta Pelo Poder Global\u201d; (S\u00e3o Paulo: Editora Escuta, 2026).<\/p>\n<p>Editor de Geopol\u00edtica e Rela\u00e7\u00f5es Internacionais do Jornal GGN. Comentarista convidado de Rela\u00e7\u00f5es Internacionais das principais emissoras e meios de comunica\u00e7\u00e3o do Brasil (Globo News, Band News, SBT News).<\/p>\n<p><strong>Vladimir Pinheiro Safatle \u2013<\/strong>Fil\u00f3sofo e psicanalista. Professor Titular do Departamento de filosofia e do Instituto de Psicologia da Universidade de\u00a0 S\u00e3o Paulo (USP), al\u00e9m de professor convidado e pesquisador em outras universidades e institui\u00e7\u00f5es europeias, africanas e norte-americanas (Paris I, Paris VII, Paris VIII, Paris X, Toulouse, Louvain, Stellenboch Institute of Advanced Studies\/Africa do Sul, Essex, Berkeley, Veneza). Um dos fundadores da International Society of Psychonalysis and Philosophy (SIPP-ISPP) e um dos coordenadores do Laborat\u00f3rio de Pesquisas em Teoria Social, Filosofia e Psican\u00e1lise (latesfip\/USP). Colunista da Folha de S\u00e3o Paulo por 10 anos, colunista do El Pa\u00eds por 3 anos, escreve para os principais jornais do pa\u00eds.<\/p>\n<p><strong>11h30 \u2013 Debate: \u201cIntelig\u00eancia Artificial com direitos sociais\u201d<\/strong><\/p>\n<p><strong>Convidado: Jos\u00e9 Vital \u2013<\/strong>Secret\u00e1rio de Organiza\u00e7\u00e3o e Comunica\u00e7\u00e3o da Frente de Intelig\u00eancia Artificial (IA) com Direitos Sociais no Cear\u00e1. \u00c9 presidente do INIADS Brasil (Instituto Nacional por Intelig\u00eancia Artificial com Direitos Sociais).<\/p>\n<p><strong>12h45 \u2013 Almo\u00e7o\u00a0<\/strong><\/p>\n<p><strong>14h15 \u2013 Debate: \u201cO feminismo e a luta pelo fim da viol\u00eancia contra as mulheres no Brasil\u201d<\/strong><\/p>\n<p><strong>Convidada: Milly Lacombe\u00a0 \u2013 <\/strong>jornalista, escritora, roteirista, cronista, comentarista esportiva, feminista. Pioneira no jornalismo esportivo, atuou no SporTV, Globo e na Record. Foi diretora de reda\u00e7\u00e3o da revista TPM, trabalhou tamb\u00e9m como colaboradora do jornal Folha de S.Paulo, em Los Angeles, e do UOL, em Nova York. Como roteirista, atuou nos programas Amor &amp; Sexo, na Globo, Super Bonita, Tempero de Fam\u00edlia e Bem Juntinhos, no GNT. Lan\u00e7ou mais de seis livros, entre eles o romance best-seller O Ano em que Morri em Nova York, Eu Te Amo, Cretino e Feminismo Para N\u00e3o Feministas. Atualmente, escreve colunas di\u00e1rias para o UOL e atua como consultora e palestrante colaborando com marcas, institui\u00e7\u00f5es culturais e grupos empresariais, abordando temas como literatura, futebol e quest\u00f5es de g\u00eanero, al\u00e9m de ser membro do comit\u00ea curatorial do Museu do Futebol em S\u00e3o Paulo.<\/p>\n<p>1<strong>6h15 \u2013 Intervalo\u00a0<\/strong><\/p>\n<p><strong>16h40 \u2013 Balan\u00e7o da Campanha Nacional de 2024<\/strong><\/p>\n<p><strong>Vota\u00e7\u00e3o das propostas<\/strong><\/p>\n<ul>\n<li><strong>Domingo (26) livre para lazer no hotel at\u00e9 as 14 horas.\u00a0<\/strong><\/li>\n<\/ul>\n<p>*<em>com informa\u00e7\u00f5es do Sindicato dos Banc\u00e1rios\/ES<\/em><\/p>\n","protected":false},"excerpt":{"rendered":"<p>Nos dias 24 e 25 de abril, ocorre a Confer\u00eancia Estadual das Banc\u00e1rias e dos Banc\u00e1rios 2026, no\u00a0Esp\u00edrito Santo, com o tema\u00a0\u201cNa guerra contra o fascismo, nossa luta \u00e9 por soberania, direitos e vida\u201d. O Diretor do Sindicato dos Banc\u00e1rios da Baixada Fluminense, Fernando Correia de S\u00e1, representa a entidade no evento.\u00a0 As mesas v\u00e3o [&hellip;]<\/p>\n","protected":false},"author":2,"featured_media":17126,"comment_status":"","ping_status":"","sticky":false,"template":"","format":"standard","meta":{"footnotes":""},"categories":[3],"tags":[],"class_list":["post-17127","post","type-post","status-publish","format-standard","has-post-thumbnail","hentry","category-noticias"],"_links":{"self":[{"href":"https:\/\/hostnetart.com.br\/baixada\/wp-json\/wp\/v2\/posts\/17127","targetHints":{"allow":["GET"]}}],"collection":[{"href":"https:\/\/hostnetart.com.br\/baixada\/wp-json\/wp\/v2\/posts"}],"about":[{"href":"https:\/\/hostnetart.com.br\/baixada\/wp-json\/wp\/v2\/types\/post"}],"author":[{"embeddable":true,"href":"https:\/\/hostnetart.com.br\/baixada\/wp-json\/wp\/v2\/users\/2"}],"replies":[{"embeddable":true,"href":"https:\/\/hostnetart.com.br\/baixada\/wp-json\/wp\/v2\/comments?post=17127"}],"version-history":[{"count":0,"href":"https:\/\/hostnetart.com.br\/baixada\/wp-json\/wp\/v2\/posts\/17127\/revisions"}],"wp:featuredmedia":[{"embeddable":true,"href":"https:\/\/hostnetart.com.br\/baixada\/wp-json\/wp\/v2\/media\/17126"}],"wp:attachment":[{"href":"https:\/\/hostnetart.com.br\/baixada\/wp-json\/wp\/v2\/media?parent=17127"}],"wp:term":[{"taxonomy":"category","embeddable":true,"href":"https:\/\/hostnetart.com.br\/baixada\/wp-json\/wp\/v2\/categories?post=17127"},{"taxonomy":"post_tag","embeddable":true,"href":"https:\/\/hostnetart.com.br\/baixada\/wp-json\/wp\/v2\/tags?post=17127"}],"curies":[{"name":"wp","href":"https:\/\/api.w.org\/{rel}","templated":true}]}}