{"id":17121,"date":"2026-04-17T19:22:15","date_gmt":"2026-04-17T22:22:15","guid":{"rendered":"https:\/\/hostnetart.com.br\/baixada\/consulta-nacional-dos-bancarios-2026-comeca-nesta-sexta-feira-17\/"},"modified":"2026-04-17T19:22:15","modified_gmt":"2026-04-17T22:22:15","slug":"consulta-nacional-dos-bancarios-2026-comeca-nesta-sexta-feira-17","status":"publish","type":"post","link":"https:\/\/hostnetart.com.br\/baixada\/consulta-nacional-dos-bancarios-2026-comeca-nesta-sexta-feira-17\/","title":{"rendered":"Consulta Nacional dos Banc\u00e1rios 2026 come\u00e7a nesta sexta-feira (17)"},"content":{"rendered":"<p>A <strong>Consulta Nacional dos Banc\u00e1rios 2026 come\u00e7a nesta sexta-feira (17) e segue at\u00e9 31 de maio<\/strong>, convocando trabalhadores e trabalhadoras de todo o pa\u00eds a contribu\u00edrem com a defini\u00e7\u00e3o das prioridades da <strong>Campanha Nacional da categoria<\/strong>.<\/p>\n<p>A <strong>participa\u00e7\u00e3o \u00e9 simples, r\u00e1pida e totalmente online<\/strong>. Para responder ao question\u00e1rio, basta acessar o link abaixo:<br \/><a href=\"https:\/\/consultabancarios2026.votabem.com.br\/\" target=\"_blank\" rel=\"noopener noreferrer\">https:\/\/consultabancarios2026.votabem.com.br\/<\/a><\/p>\n<p>A consulta \u00e9 uma das principais <strong>ferramentas de escuta da categoria<\/strong> e orienta a constru\u00e7\u00e3o da <strong>pauta de reivindica\u00e7\u00f5es que ser\u00e1 levada \u00e0s mesas de negocia\u00e7\u00e3o com os bancos<\/strong>.<\/p>\n<p>Segundo as entidades representativas dos trabalhadores do setor financeiro, <strong>quanto maior a participa\u00e7\u00e3o da categoria, maior a precis\u00e3o estat\u00edstica na defini\u00e7\u00e3o das prioridades da campanha<\/strong>, garantindo que as reivindica\u00e7\u00f5es reflitam de fato os anseios da maioria dos banc\u00e1rios e banc\u00e1rias.<\/p>\n<h2><strong>Sua opini\u00e3o ajuda a definir a pauta de reivindica\u00e7\u00f5es<\/strong><\/h2>\n<p>A pesquisa aborda temas centrais para o futuro da categoria, como:<br \/>\u2022\u00a0\u00a0 \u00a0Remunera\u00e7\u00e3o e aumento real de sal\u00e1rios<br \/>\u2022\u00a0\u00a0 \u00a0Amplia\u00e7\u00e3o da PLR e do piso da categoria<br \/>\u2022\u00a0\u00a0 \u00a0Emprego e manuten\u00e7\u00e3o de direitos<br \/>\u2022\u00a0\u00a0 \u00a0Condi\u00e7\u00f5es de trabalho e combate ao ass\u00e9dio moral<br \/>\u2022\u00a0\u00a0 \u00a0Planos de sa\u00fade e previd\u00eancia<br \/>\u2022\u00a0\u00a0 \u00a0Impactos das inova\u00e7\u00f5es tecnol\u00f3gicas no trabalho banc\u00e1rio<br \/>\u2022\u00a0\u00a0 \u00a0Sa\u00fade mental e metas abusivas<br \/>\u2022\u00a0\u00a0 \u00a0Endividamento da categoria<br \/>\u2022\u00a0\u00a0 \u00a0Redu\u00e7\u00e3o da jornada de trabalho<br \/>\u2022\u00a0\u00a0 \u00a0Formas de mobiliza\u00e7\u00e3o da categoria<\/p>\n<p>O question\u00e1rio tamb\u00e9m investiga os impactos das metas abusivas sobre a sa\u00fade dos trabalhadores, al\u00e9m de temas cada vez mais presentes no setor financeiro, como intelig\u00eancia artificial, automa\u00e7\u00e3o e monitoramento digital do trabalho.<\/p>\n<p>Outro objetivo \u00e9 identificar como a categoria prefere receber informa\u00e7\u00f5es sobre a Campanha Nacional, fortalecendo os canais de comunica\u00e7\u00e3o entre sindicatos e banc\u00e1rios.<\/p>\n<p><em><strong>Fonte: Contraf-CUT<\/strong><\/em><\/p>\n","protected":false},"excerpt":{"rendered":"<p>A Consulta Nacional dos Banc\u00e1rios 2026 come\u00e7a nesta sexta-feira (17) e segue at\u00e9 31 de maio, convocando trabalhadores e trabalhadoras de todo o pa\u00eds a contribu\u00edrem com a defini\u00e7\u00e3o das prioridades da Campanha Nacional da categoria. A participa\u00e7\u00e3o \u00e9 simples, r\u00e1pida e totalmente online. Para responder ao question\u00e1rio, basta acessar o link abaixo:https:\/\/consultabancarios2026.votabem.com.br\/ A consulta [&hellip;]<\/p>\n","protected":false},"author":2,"featured_media":17120,"comment_status":"","ping_status":"","sticky":false,"template":"","format":"standard","meta":{"footnotes":""},"categories":[3],"tags":[],"class_list":["post-17121","post","type-post","status-publish","format-standard","has-post-thumbnail","hentry","category-noticias"],"_links":{"self":[{"href":"https:\/\/hostnetart.com.br\/baixada\/wp-json\/wp\/v2\/posts\/17121","targetHints":{"allow":["GET"]}}],"collection":[{"href":"https:\/\/hostnetart.com.br\/baixada\/wp-json\/wp\/v2\/posts"}],"about":[{"href":"https:\/\/hostnetart.com.br\/baixada\/wp-json\/wp\/v2\/types\/post"}],"author":[{"embeddable":true,"href":"https:\/\/hostnetart.com.br\/baixada\/wp-json\/wp\/v2\/users\/2"}],"replies":[{"embeddable":true,"href":"https:\/\/hostnetart.com.br\/baixada\/wp-json\/wp\/v2\/comments?post=17121"}],"version-history":[{"count":0,"href":"https:\/\/hostnetart.com.br\/baixada\/wp-json\/wp\/v2\/posts\/17121\/revisions"}],"wp:featuredmedia":[{"embeddable":true,"href":"https:\/\/hostnetart.com.br\/baixada\/wp-json\/wp\/v2\/media\/17120"}],"wp:attachment":[{"href":"https:\/\/hostnetart.com.br\/baixada\/wp-json\/wp\/v2\/media?parent=17121"}],"wp:term":[{"taxonomy":"category","embeddable":true,"href":"https:\/\/hostnetart.com.br\/baixada\/wp-json\/wp\/v2\/categories?post=17121"},{"taxonomy":"post_tag","embeddable":true,"href":"https:\/\/hostnetart.com.br\/baixada\/wp-json\/wp\/v2\/tags?post=17121"}],"curies":[{"name":"wp","href":"https:\/\/api.w.org\/{rel}","templated":true}]}}