{"id":17113,"date":"2026-04-14T15:26:04","date_gmt":"2026-04-14T18:26:04","guid":{"rendered":"https:\/\/hostnetart.com.br\/baixada\/contraf-cut-lanca-cartilha-sobre-organizacao-sindical-diante-das-transformacoes-do-sistema-financeiro\/"},"modified":"2026-04-14T15:26:04","modified_gmt":"2026-04-14T18:26:04","slug":"contraf-cut-lanca-cartilha-sobre-organizacao-sindical-diante-das-transformacoes-do-sistema-financeiro","status":"publish","type":"post","link":"https:\/\/hostnetart.com.br\/baixada\/contraf-cut-lanca-cartilha-sobre-organizacao-sindical-diante-das-transformacoes-do-sistema-financeiro\/","title":{"rendered":"Contraf-CUT lan\u00e7a cartilha sobre organiza\u00e7\u00e3o sindical diante das transforma\u00e7\u00f5es do sistema financeiro"},"content":{"rendered":"<h2><strong>Destaques da mat\u00e9ria<\/strong><\/h2>\n<ul>\n<li>\n<p>Lan\u00e7amento da cartilha ocorre nesta ter\u00e7a-feira (14);<\/p>\n<\/li>\n<li>Material analisa impactos da digitaliza\u00e7\u00e3o e da expans\u00e3o das fintechs no trabalho no sistema financeiro;<\/li>\n<li>Publica\u00e7\u00e3o orienta sindicatos sobre estrat\u00e9gias para ampliar a organiza\u00e7\u00e3o do ramo financeiro;<\/li>\n<li>Documento foi produzido com apoio do Dieese e especialistas da \u00e1rea jur\u00eddica.<\/li>\n<\/ul>\n<h2><strong>Leia a \u00edntegra do texto<\/strong><\/h2>\n<p>A Confedera\u00e7\u00e3o Nacional dos Trabalhadores do Ramo Financeiro (Contraf-CUT) lan\u00e7a, nesta ter\u00e7a-feira (14), a cartilha\u00a0<b>\u201cOrganiza\u00e7\u00e3o sindical diante das transforma\u00e7\u00f5es do sistema financeiro\u201d<\/b>, publica\u00e7\u00e3o que analisa as mudan\u00e7as estruturais no setor e apresenta orienta\u00e7\u00f5es para fortalecer a organiza\u00e7\u00e3o sindical diante das novas formas de trabalho no sistema financeiro.<\/p>\n<p>O material foi elaborado com o objetivo de apoiar sindicatos na amplia\u00e7\u00e3o da representa\u00e7\u00e3o dos trabalhadores e trabalhadoras do setor, diante da expans\u00e3o de novas institui\u00e7\u00f5es e modelos de neg\u00f3cio do ramo financeiro, como fintechs, cooperativas de cr\u00e9dito, institui\u00e7\u00f5es de pagamento e empresas de tecnologia financeira.<\/p>\n<p>A publica\u00e7\u00e3o tamb\u00e9m marca um processo hist\u00f3rico iniciado h\u00e1 duas d\u00e9cadas, quando a Confedera\u00e7\u00e3o Nacional dos Banc\u00e1rios (CNB-CUT) se transformou em Contraf-CUT, ampliando a atua\u00e7\u00e3o para todo o\u00a0<b>ramo financeiro<\/b>\u00a0como estrat\u00e9gia para fortalecer a organiza\u00e7\u00e3o sindical e a defesa de direitos da classe trabalhadora.<\/p>\n<p>\u00a0<\/p>\n<h2><strong>Mudan\u00e7as profundas no sistema financeiro<\/strong><\/h2>\n<p>Segundo a cartilha, o sistema financeiro brasileiro passou por profundas transforma\u00e7\u00f5es nas \u00faltimas d\u00e9cadas, impulsionadas pela digitaliza\u00e7\u00e3o das opera\u00e7\u00f5es, pelo avan\u00e7o da intelig\u00eancia artificial, por mudan\u00e7as regulat\u00f3rias e pela expans\u00e3o de novas empresas que oferecem servi\u00e7os financeiros fora do modelo banc\u00e1rio tradicional.<\/p>\n<p>Essas mudan\u00e7as alteraram o perfil do emprego no setor, ampliando a presen\u00e7a de trabalhadores em \u00e1reas de tecnologia, plataformas digitais e empresas n\u00e3o classificadas formalmente como bancos. Ao mesmo tempo, houve redu\u00e7\u00e3o de postos de trabalho tradicionais e crescimento de formas de contrata\u00e7\u00e3o mais precarizadas, como terceiriza\u00e7\u00e3o, pejotiza\u00e7\u00e3o e trabalho aut\u00f4nomo.<\/p>\n<p>Nesse cen\u00e1rio, a organiza\u00e7\u00e3o sindical do\u00a0<b>ramo financeiro<\/b>, e n\u00e3o apenas da categoria banc\u00e1ria tradicional, passa a ser estrat\u00e9gica para garantir representa\u00e7\u00e3o coletiva, negocia\u00e7\u00e3o e prote\u00e7\u00e3o de direitos.<\/p>\n<h2><strong>Instrumento de orienta\u00e7\u00e3o para sindicatos<\/strong><\/h2>\n<p>A secret\u00e1ria de Organiza\u00e7\u00e3o do Ramo Financeiro e Pol\u00edtica Sindical da Contraf-CUT,\u00a0<b>Magaly Fagundes<\/b>, explica que a cartilha foi constru\u00edda para servir como um instrumento pr\u00e1tico de orienta\u00e7\u00e3o para as entidades sindicais.<\/p>\n<p>\u201cEste material foi elaborado para servir como uma base de orienta\u00e7\u00e3o para os sindicatos que querem avan\u00e7ar na organiza\u00e7\u00e3o do ramo financeiro em suas bases. Mais do que um documento te\u00f3rico, ele apresenta caminhos, instrumentos legais e estrat\u00e9gias pol\u00edticas que podem ser adaptadas \u00e0 realidade de cada entidade\u201d, destaca Magaly.<\/p>\n<p>Segundo ela, o material busca estimular debates internos nas entidades e apoiar processos de amplia\u00e7\u00e3o da base de representa\u00e7\u00e3o sindical.<\/p>\n<p>\u201cA organiza\u00e7\u00e3o do ramo financeiro \u00e9 um processo cont\u00ednuo, que exige planejamento, unidade e persist\u00eancia. A cartilha \u00e9 um ponto de partida para que os sindicatos debatam estrat\u00e9gias e avancem com seguran\u00e7a na constru\u00e7\u00e3o dessa representa\u00e7\u00e3o mais ampla\u201d, acrescenta.<\/p>\n<h2><strong>Estrat\u00e9gias para ampliar a organiza\u00e7\u00e3o do ramo<\/strong><\/h2>\n<p>A cartilha apresenta an\u00e1lises sobre o funcionamento do Sistema Financeiro Nacional e discute caminhos para adapta\u00e7\u00e3o sindical diante das transforma\u00e7\u00f5es do setor.<\/p>\n<p>O material tamb\u00e9m re\u00fane experi\u00eancias de sindicatos de diversas regi\u00f5es do pa\u00eds que j\u00e1 avan\u00e7aram na organiza\u00e7\u00e3o de trabalhadores do ramo financeiro, demonstrando que a amplia\u00e7\u00e3o da base sindical \u00e9 poss\u00edvel mesmo diante de um cen\u00e1rio de fragmenta\u00e7\u00e3o do setor.<\/p>\n<h2><strong>Fortalecer a unidade para defender direitos<\/strong><\/h2>\n<p>Para a Contraf-CUT, fortalecer a organiza\u00e7\u00e3o sindical do ramo financeiro \u00e9 essencial para enfrentar desafios como automa\u00e7\u00e3o, precariza\u00e7\u00e3o das rela\u00e7\u00f5es de trabalho e fragmenta\u00e7\u00e3o das categorias.<\/p>\n<p>A publica\u00e7\u00e3o refor\u00e7a que a amplia\u00e7\u00e3o da organiza\u00e7\u00e3o sindical \u00e9 um passo fundamental para garantir direitos, fortalecer a negocia\u00e7\u00e3o coletiva e assegurar que todos os trabalhadores e trabalhadoras do sistema financeiro tenham representa\u00e7\u00e3o e prote\u00e7\u00e3o sindical.<\/p>\n<p>A cartilha\u00a0<b>\u201cOrganiza\u00e7\u00e3o sindical diante das transforma\u00e7\u00f5es do sistema financeiro\u201d<\/b>\u00a0foi produzida com base em estudos, dados do Dieese e contribui\u00e7\u00f5es de especialistas e dirigentes sindicais, e ser\u00e1 disponibilizada \u00e0s entidades filiadas para apoiar o debate e a constru\u00e7\u00e3o de estrat\u00e9gias de organiza\u00e7\u00e3o do setor.<\/p>\n<div class=\"news-details__main-tags\">\n<p><em>Fonte: Contraf-CUT<\/em><\/p>\n<\/div>\n","protected":false},"excerpt":{"rendered":"<p>Destaques da mat\u00e9ria Lan\u00e7amento da cartilha ocorre nesta ter\u00e7a-feira (14); Material analisa impactos da digitaliza\u00e7\u00e3o e da expans\u00e3o das fintechs no trabalho no sistema financeiro; Publica\u00e7\u00e3o orienta sindicatos sobre estrat\u00e9gias para ampliar a organiza\u00e7\u00e3o do ramo financeiro; Documento foi produzido com apoio do Dieese e especialistas da \u00e1rea jur\u00eddica. Leia a \u00edntegra do texto A [&hellip;]<\/p>\n","protected":false},"author":2,"featured_media":17112,"comment_status":"","ping_status":"","sticky":false,"template":"","format":"standard","meta":{"footnotes":""},"categories":[3],"tags":[],"class_list":["post-17113","post","type-post","status-publish","format-standard","has-post-thumbnail","hentry","category-noticias"],"_links":{"self":[{"href":"https:\/\/hostnetart.com.br\/baixada\/wp-json\/wp\/v2\/posts\/17113","targetHints":{"allow":["GET"]}}],"collection":[{"href":"https:\/\/hostnetart.com.br\/baixada\/wp-json\/wp\/v2\/posts"}],"about":[{"href":"https:\/\/hostnetart.com.br\/baixada\/wp-json\/wp\/v2\/types\/post"}],"author":[{"embeddable":true,"href":"https:\/\/hostnetart.com.br\/baixada\/wp-json\/wp\/v2\/users\/2"}],"replies":[{"embeddable":true,"href":"https:\/\/hostnetart.com.br\/baixada\/wp-json\/wp\/v2\/comments?post=17113"}],"version-history":[{"count":0,"href":"https:\/\/hostnetart.com.br\/baixada\/wp-json\/wp\/v2\/posts\/17113\/revisions"}],"wp:featuredmedia":[{"embeddable":true,"href":"https:\/\/hostnetart.com.br\/baixada\/wp-json\/wp\/v2\/media\/17112"}],"wp:attachment":[{"href":"https:\/\/hostnetart.com.br\/baixada\/wp-json\/wp\/v2\/media?parent=17113"}],"wp:term":[{"taxonomy":"category","embeddable":true,"href":"https:\/\/hostnetart.com.br\/baixada\/wp-json\/wp\/v2\/categories?post=17113"},{"taxonomy":"post_tag","embeddable":true,"href":"https:\/\/hostnetart.com.br\/baixada\/wp-json\/wp\/v2\/tags?post=17113"}],"curies":[{"name":"wp","href":"https:\/\/api.w.org\/{rel}","templated":true}]}}