{"id":1711,"date":"2013-11-14T00:00:00","date_gmt":"2013-11-14T02:00:00","guid":{"rendered":"https:\/\/hostnetart.com.br\/baixada\/acompanhe-transmissao-do-ii-forum-pela-visibilidade-negra-nos-bancos\/"},"modified":"2013-11-14T00:00:00","modified_gmt":"2013-11-14T02:00:00","slug":"acompanhe-transmissao-do-ii-forum-pela-visibilidade-negra-nos-bancos","status":"publish","type":"post","link":"https:\/\/hostnetart.com.br\/baixada\/acompanhe-transmissao-do-ii-forum-pela-visibilidade-negra-nos-bancos\/","title":{"rendered":"Acompanhe transmiss\u00e3o do II F\u00f3rum pela visibilidade negra nos bancos"},"content":{"rendered":"<p>Prossegue nesta quinta-feira (14) o II F\u00f3rum Nacional pela Visibilidade Negra no Sistema Financeiro, no Hotel S\u00e3o Francisco, no centro do Rio de Janeiro. Iniciado ontem, o evento \u00e9 uma promo\u00e7\u00e3o da Contraf-CUT em parceria com o Sindicato dos Banc\u00e1rios do Rio e a Fetraf RJ-ES e integra a programa\u00e7\u00e3o do m\u00eas da consci\u00eancia negra.<\/p>\n<p>\u00a0<\/p>\n<p>Clique\u00a0<a href=\"http:\/\/www.bancariosdf.com.br\/site\/index.php?option=com_content&amp;view=article&amp;id=12232;ao-vivo-ii-forum-nacional-pela-visibilidade-negra-nos-bancos&amp;catid=1;timas&amp;Itemid=93\" target=\"_blank\" rel=\"noopener noreferrer\">aqui<\/a>\u00a0para assistir \u00e0 transmiss\u00e3o ao vivo com apoio do Sindicato dos Banc\u00e1rios de Bras\u00edlia.<\/p>\n<p>\u00a0<\/p>\n<p>Para Andrea Vasconcellos, secret\u00e1ria de Pol\u00edticas Sociais da Contraf-CUT, \u201ctodas as entidades sindicais s\u00e3o desafiados a estimular o debate e a reflex\u00e3o sobre essa tem\u00e1tica, bem como participar da mobiliza\u00e7\u00e3o para combater a discrimina\u00e7\u00e3o racial e conquistar igualdade de oportunidades\u201d.<\/p>\n<p>\u00a0<\/p>\n<p>\u201cO II F\u00f3rum \u00e9 um momento oportuno e \u00edmpar para acumular, compreender e apontar caminhos para o debate e a reflex\u00e3o no interior das dire\u00e7\u00f5es e, especialmente junto \u00e0 categoria\u201d, conclui Andrea.<\/p>\n<p>\u00a0<\/p>\n<p>O evento conta com a participa\u00e7\u00e3o de intelectuais, pesquisadores, gestores e movimentos sociais que atuam no tema.<\/p>\n<p>\u00a0<\/p>\n<p>\u00a0<\/p>\n<p><strong>Confira a programa\u00e7\u00e3o desta quinta:<\/strong><\/p>\n<p>\u00a0<\/p>\n<p>9h: Mesa 2 \u2013 Aspectos conceituais e pol\u00edticos das a\u00e7\u00f5es afirmativas no Brasil: Avan\u00e7os e Lacunas.<\/p>\n<p>\u00a0<\/p>\n<p>Expositores (as):<\/p>\n<p>\u00a0<\/p>\n<p>1. Silvio Luiz de Almeida \u2013 Presidente do Instituto Luiz Gama \u2013 Advogado, professor universit\u00e1rio, consultor t\u00e9cnico da Federa\u00e7\u00e3o Quilombola do Estado de S\u00e3o Paulo.<br \/>2. Ramatis Jacinto \u2013 Instituto Sindical Interamericano pela Igualdade Racial \u2013 INSPIR<br \/>3. Frei David Raimundo Dos Santos \u2013 Educafro<br \/>Coordenador (a): Representante da Fetraf RJ-ES<\/p>\n<p>11h: Debate<\/p>\n<p>12h: Almo\u00e7o<\/p>\n<p>14h: Roda de conversa: Os desafios das pol\u00edticas antirracistas no Sistema Financeiro, a transversalidade e as negocia\u00e7\u00f5es coletivas.<\/p>\n<p>\u00a0<\/p>\n<p>Expositores:<br \/>Dieese \u2013 B\u00e1rbara Vasquez \u2013 Apresenta\u00e7\u00e3o dos dados e indicadores<br \/>Contraf-CUT \u2013 Andr\u00e9a Vasconcelos \u2013 Secretaria de Pol\u00edticas Sociais<br \/>Unegro- Rio \u2013 Ant\u00f4nio Carlos dos Santos \u2013 Diretor de Forma\u00e7\u00e3o<br \/>CUT-RS \u2013 Ant\u00f4nio Barbosa dos Santos \u2013 Secret\u00e1rio de Pol\u00edticas de Igualdade Racial<br \/>Gl\u00f3ria Ramos \u2013 Integrante do Inspir e Ativista Social na promo\u00e7\u00e3o da Igualdade Racial<br \/>Fenaban<br \/>Coordenador(a): Representante da Fetraf RJ-ES<\/p>\n<p>15h30: Debate<\/p>\n<p>16h30: Repactua\u00e7\u00e3o da Carta de Compromisso das Entidades.<\/p>\n<p>17h: Encerramento<\/p>\n<p>\u00a0<\/p>\n<p>\u00a0<\/p>\n<p><strong>Leia mais<\/strong><\/p>\n<p>\u00a0<\/p>\n<p><a href=\"http:\/\/www.contrafcut.org.br\/noticias.asp?CodNoticia=36468\" target=\"_blank\" rel=\"noopener noreferrer\">Desigualdades entre negros e brancos crescem, aponta II F\u00f3rum Nacional<\/a><\/p>\n<p><a href=\"http:\/\/www.contrafcut.org.br\/noticias.asp?CodNoticia=36474\" target=\"_blank\" rel=\"noopener noreferrer\">Professor exp\u00f5e ra\u00edzes hist\u00f3ricas da discrimina\u00e7\u00e3o racial no Brasil<\/a><\/p>\n<p><a href=\"http:\/\/www.contrafcut.org.br\/noticias.asp?CodNoticia=36475\" target=\"_blank\" rel=\"noopener noreferrer\">Pol\u00edtica de seguran\u00e7a promove genoc\u00eddio de jovens negros nas favelas<\/a><\/p>\n<p>\u00a0<br \/>Fonte: Contraf-CUT<\/p>\n","protected":false},"excerpt":{"rendered":"<p>Prossegue nesta quinta-feira (14) o II F\u00f3rum Nacional pela Visibilidade Negra no Sistema Financeiro, no Hotel S\u00e3o Francisco, no centro do Rio de Janeiro. Iniciado ontem, o evento \u00e9 uma promo\u00e7\u00e3o da Contraf-CUT em parceria com o Sindicato dos Banc\u00e1rios do Rio e a Fetraf RJ-ES e integra a programa\u00e7\u00e3o do m\u00eas da consci\u00eancia negra. [&hellip;]<\/p>\n","protected":false},"author":1,"featured_media":0,"comment_status":"","ping_status":"","sticky":false,"template":"","format":"standard","meta":{"footnotes":""},"categories":[3],"tags":[],"class_list":["post-1711","post","type-post","status-publish","format-standard","hentry","category-noticias"],"_links":{"self":[{"href":"https:\/\/hostnetart.com.br\/baixada\/wp-json\/wp\/v2\/posts\/1711","targetHints":{"allow":["GET"]}}],"collection":[{"href":"https:\/\/hostnetart.com.br\/baixada\/wp-json\/wp\/v2\/posts"}],"about":[{"href":"https:\/\/hostnetart.com.br\/baixada\/wp-json\/wp\/v2\/types\/post"}],"author":[{"embeddable":true,"href":"https:\/\/hostnetart.com.br\/baixada\/wp-json\/wp\/v2\/users\/1"}],"replies":[{"embeddable":true,"href":"https:\/\/hostnetart.com.br\/baixada\/wp-json\/wp\/v2\/comments?post=1711"}],"version-history":[{"count":0,"href":"https:\/\/hostnetart.com.br\/baixada\/wp-json\/wp\/v2\/posts\/1711\/revisions"}],"wp:attachment":[{"href":"https:\/\/hostnetart.com.br\/baixada\/wp-json\/wp\/v2\/media?parent=1711"}],"wp:term":[{"taxonomy":"category","embeddable":true,"href":"https:\/\/hostnetart.com.br\/baixada\/wp-json\/wp\/v2\/categories?post=1711"},{"taxonomy":"post_tag","embeddable":true,"href":"https:\/\/hostnetart.com.br\/baixada\/wp-json\/wp\/v2\/tags?post=1711"}],"curies":[{"name":"wp","href":"https:\/\/api.w.org\/{rel}","templated":true}]}}