{"id":17109,"date":"2026-04-10T16:27:32","date_gmt":"2026-04-10T19:27:32","guid":{"rendered":"https:\/\/hostnetart.com.br\/baixada\/participantes-escolhem-novos-representantes-para-a-diretoria-de-beneficios-e-conselhos-na-funcef\/"},"modified":"2026-04-10T16:27:32","modified_gmt":"2026-04-10T19:27:32","slug":"participantes-escolhem-novos-representantes-para-a-diretoria-de-beneficios-e-conselhos-na-funcef","status":"publish","type":"post","link":"https:\/\/hostnetart.com.br\/baixada\/participantes-escolhem-novos-representantes-para-a-diretoria-de-beneficios-e-conselhos-na-funcef\/","title":{"rendered":"Participantes escolhem novos representantes para a Diretoria de Benef\u00edcios e conselhos na Funcef"},"content":{"rendered":"<p>O resultado das elei\u00e7\u00f5es da Funda\u00e7\u00e3o dos Economi\u00e1rios Federais (Funcef) foi divulgado nesta quinta-feira (9) ap\u00f3s a apura\u00e7\u00e3o dos votos dos participantes. Ao todo, 46.490 votantes participaram do processo eleitoral que definiu representantes para a Diretoria de Benef\u00edcios, o Conselho Deliberativo e o Conselho Fiscal da funda\u00e7\u00e3o.<\/p>\n<h2><strong>Diretoria de Benef\u00edcios<\/strong><\/h2>\n<p>Na disputa para a Diretoria de Benef\u00edcios, Heitor Menegale (101) foi eleito com 24.565 votos, o que corresponde a 53,91% dos votos v\u00e1lidos.<\/p>\n<p>O candidato Jair Ferreira (100) recebeu 20.999 votos, somando 46,09% dos votos v\u00e1lidos.<\/p>\n<h2><strong>Conselho Deliberativo<\/strong><\/h2>\n<p>Para o Conselho Deliberativo, que possui duas vagas, foram eleitas as seguintes chapas:<br \/>\u2022\u00a0\u00a0 \u00a0Chapa 201 \u2013 Pedro S\u00e9rgio dos Santos Barbosa (titular) e Maristela Nassar Meireles Guerreiro (suplente): 31.945 votos (38,57% dos votos v\u00e1lidos);\u00a0<br \/>\u2022\u00a0\u00a0 \u00a0Chapa 200 \u2013 Naiara Machado da Silva (titular) e Anabele Cristina Silva (suplente): 29.822 votos (36,01%).\u00a0<\/p>\n<p>A chapa 300 \u2013 Selim Oliveira (titular) e Ana Carolina Melo (suplente) recebeu 21.058 votos, equivalente a 25,42%, e n\u00e3o foi eleita.<\/p>\n<h2><strong>Conselho Fiscal<\/strong><\/h2>\n<p>Na elei\u00e7\u00e3o para o Conselho Fiscal, a chapa vencedora foi:<br \/>\u2022\u00a0\u00a0 \u00a0Chapa 301 \u2013 Mizuki Toshio Mitie (titular) e Marcelo Quevedo do Amaral (suplente): 27.163 votos, ou 60,63% dos votos v\u00e1lidos.\u00a0<\/p>\n<p>A chapa 300 \u2013 Jesse Krieger (titular) e Jo\u00e3o Henrique Delibaldo (suplente) obteve 17.711 votos, equivalente a 39,47%.<\/p>\n<p>A Funcef \u00e9 um dos maiores fundos de pens\u00e3o do pa\u00eds e administra os planos de previd\u00eancia complementar dos empregados da Caixa Econ\u00f4mica Federal. O processo eleitoral define representantes dos participantes nos \u00f3rg\u00e3os de governan\u00e7a da funda\u00e7\u00e3o, respons\u00e1veis por acompanhar a gest\u00e3o dos planos e defender os interesses dos trabalhadores e aposentados.<\/p>\n<p><em><strong>Fonte: Contraf-CUT<\/strong><\/em><\/p>\n","protected":false},"excerpt":{"rendered":"<p>O resultado das elei\u00e7\u00f5es da Funda\u00e7\u00e3o dos Economi\u00e1rios Federais (Funcef) foi divulgado nesta quinta-feira (9) ap\u00f3s a apura\u00e7\u00e3o dos votos dos participantes. Ao todo, 46.490 votantes participaram do processo eleitoral que definiu representantes para a Diretoria de Benef\u00edcios, o Conselho Deliberativo e o Conselho Fiscal da funda\u00e7\u00e3o. Diretoria de Benef\u00edcios Na disputa para a Diretoria [&hellip;]<\/p>\n","protected":false},"author":2,"featured_media":17108,"comment_status":"","ping_status":"","sticky":false,"template":"","format":"standard","meta":{"footnotes":""},"categories":[3],"tags":[],"class_list":["post-17109","post","type-post","status-publish","format-standard","has-post-thumbnail","hentry","category-noticias"],"_links":{"self":[{"href":"https:\/\/hostnetart.com.br\/baixada\/wp-json\/wp\/v2\/posts\/17109","targetHints":{"allow":["GET"]}}],"collection":[{"href":"https:\/\/hostnetart.com.br\/baixada\/wp-json\/wp\/v2\/posts"}],"about":[{"href":"https:\/\/hostnetart.com.br\/baixada\/wp-json\/wp\/v2\/types\/post"}],"author":[{"embeddable":true,"href":"https:\/\/hostnetart.com.br\/baixada\/wp-json\/wp\/v2\/users\/2"}],"replies":[{"embeddable":true,"href":"https:\/\/hostnetart.com.br\/baixada\/wp-json\/wp\/v2\/comments?post=17109"}],"version-history":[{"count":0,"href":"https:\/\/hostnetart.com.br\/baixada\/wp-json\/wp\/v2\/posts\/17109\/revisions"}],"wp:featuredmedia":[{"embeddable":true,"href":"https:\/\/hostnetart.com.br\/baixada\/wp-json\/wp\/v2\/media\/17108"}],"wp:attachment":[{"href":"https:\/\/hostnetart.com.br\/baixada\/wp-json\/wp\/v2\/media?parent=17109"}],"wp:term":[{"taxonomy":"category","embeddable":true,"href":"https:\/\/hostnetart.com.br\/baixada\/wp-json\/wp\/v2\/categories?post=17109"},{"taxonomy":"post_tag","embeddable":true,"href":"https:\/\/hostnetart.com.br\/baixada\/wp-json\/wp\/v2\/tags?post=17109"}],"curies":[{"name":"wp","href":"https:\/\/api.w.org\/{rel}","templated":true}]}}