{"id":17107,"date":"2026-04-08T18:50:24","date_gmt":"2026-04-08T21:50:24","guid":{"rendered":"https:\/\/hostnetart.com.br\/baixada\/funcionario-do-bradesco-e-reintegrado-pelo-sindicato-dos-bancarios-da-baixada-fluminense-3\/"},"modified":"2026-04-08T18:50:24","modified_gmt":"2026-04-08T21:50:24","slug":"funcionario-do-bradesco-e-reintegrado-pelo-sindicato-dos-bancarios-da-baixada-fluminense-3","status":"publish","type":"post","link":"https:\/\/hostnetart.com.br\/baixada\/funcionario-do-bradesco-e-reintegrado-pelo-sindicato-dos-bancarios-da-baixada-fluminense-3\/","title":{"rendered":"Funcion\u00e1rio do Bradesco \u00e9 reintegrado pelo Sindicato dos Banc\u00e1rios da Baixada Fluminense"},"content":{"rendered":"<p>Mais uma reintegra\u00e7\u00e3o!<\/p>\n<p>O Sindicato dos Banc\u00e1rios da Baixada Fluminense segue na luta pelos direitos dos trabalhadores.<\/p>\n<p>E nesta quarta-feira, 8\u00a0de abril, mais um funcion\u00e1rio do Banco Bradesco foi reintegrado.<\/p>\n<p>Marcelo Heitor, da ag\u00eancia Estrada Rio S\u00e3o Paulo, tinha mais de 30 anos de servi\u00e7o prestados ao banco, e foi demitido quando exercia o cargo de Gerente de Contas.<\/p>\n<p>No processo, foi constatada a incapacidade laboral, causada ao longo do contrato de trabalho. E, tamb\u00e9m, foi realizada prova pericial em car\u00e1ter ortop\u00e9dico, comprovando o nexo causal no que diz respeito aos ombros e punhos.<\/p>\n<p>Com isso, foi determinada a nulidade da dispensa e a imediata reintegra\u00e7\u00e3o do banc\u00e1rio.<\/p>\n<p>Marcelo \u00e9 sindicalizado e teve o suporte e atendimento do Departamento Jur\u00eddico do Sindicato, atrav\u00e9s do advogado Luiz Paulo, do Escrit\u00f3rio Baptista &amp; Reis Advogados Associados, e pelo Departamento de Sa\u00fade.<\/p>\n<p>A reintegra\u00e7\u00e3o foi acompanhada pelos diretores Pedro Batista, Renata Soeiro e Gentil Ramos.<\/p>\n<p><strong>IMPORTANTE<\/strong><\/p>\n<p>\u00c9 fundamental que banc\u00e1rias e banc\u00e1rios, logo que sejam informados de suas demiss\u00f5es, procurem imediatamente atendimento no Sindicato.<\/p>\n<p><b>ATENDIMENTO JUR\u00cdDICO PRESENCIAL<\/b><\/p>\n<p>Nova Igua\u00e7u\u00a0&#8211; \u00e0s\u00a0<em><strong>ter\u00e7as-feiras<\/strong><\/em>, <span dir=\"ltr\">das 11 horas\u00a0<\/span><span dir=\"ltr\">\u00e0 13 horas\u00a0<\/span>e <span dir=\"ltr\">das 14 horas \u00e0s 17 horas<\/span> (telefone:\u00a0<span dir=\"ltr\"><a href=\"tel:21 \/ 2658-8041\">21 \/ 2658-8041<\/a><\/span>)<\/p>\n<p>Duque de Caxias\u00a0&#8211; \u00e0s\u00a0<strong><em>quintas-feiras<\/em><\/strong>, <span dir=\"ltr\">das 10 horas \u00e0s 13 horas<\/span>(telefone:\u00a0<span dir=\"ltr\"><a href=\"tel:21 \/ 26710-110\">21 \/ 26710-110<\/a><\/span>)<\/p>\n<p><b>SINDICALIZE-SE!<\/b><\/p>\n","protected":false},"excerpt":{"rendered":"<p>Mais uma reintegra\u00e7\u00e3o! O Sindicato dos Banc\u00e1rios da Baixada Fluminense segue na luta pelos direitos dos trabalhadores. E nesta quarta-feira, 8\u00a0de abril, mais um funcion\u00e1rio do Banco Bradesco foi reintegrado. Marcelo Heitor, da ag\u00eancia Estrada Rio S\u00e3o Paulo, tinha mais de 30 anos de servi\u00e7o prestados ao banco, e foi demitido quando exercia o cargo [&hellip;]<\/p>\n","protected":false},"author":2,"featured_media":17106,"comment_status":"","ping_status":"","sticky":false,"template":"","format":"standard","meta":{"footnotes":""},"categories":[3],"tags":[],"class_list":["post-17107","post","type-post","status-publish","format-standard","has-post-thumbnail","hentry","category-noticias"],"_links":{"self":[{"href":"https:\/\/hostnetart.com.br\/baixada\/wp-json\/wp\/v2\/posts\/17107","targetHints":{"allow":["GET"]}}],"collection":[{"href":"https:\/\/hostnetart.com.br\/baixada\/wp-json\/wp\/v2\/posts"}],"about":[{"href":"https:\/\/hostnetart.com.br\/baixada\/wp-json\/wp\/v2\/types\/post"}],"author":[{"embeddable":true,"href":"https:\/\/hostnetart.com.br\/baixada\/wp-json\/wp\/v2\/users\/2"}],"replies":[{"embeddable":true,"href":"https:\/\/hostnetart.com.br\/baixada\/wp-json\/wp\/v2\/comments?post=17107"}],"version-history":[{"count":0,"href":"https:\/\/hostnetart.com.br\/baixada\/wp-json\/wp\/v2\/posts\/17107\/revisions"}],"wp:featuredmedia":[{"embeddable":true,"href":"https:\/\/hostnetart.com.br\/baixada\/wp-json\/wp\/v2\/media\/17106"}],"wp:attachment":[{"href":"https:\/\/hostnetart.com.br\/baixada\/wp-json\/wp\/v2\/media?parent=17107"}],"wp:term":[{"taxonomy":"category","embeddable":true,"href":"https:\/\/hostnetart.com.br\/baixada\/wp-json\/wp\/v2\/categories?post=17107"},{"taxonomy":"post_tag","embeddable":true,"href":"https:\/\/hostnetart.com.br\/baixada\/wp-json\/wp\/v2\/tags?post=17107"}],"curies":[{"name":"wp","href":"https:\/\/api.w.org\/{rel}","templated":true}]}}