{"id":17101,"date":"2026-04-08T12:26:02","date_gmt":"2026-04-08T15:26:02","guid":{"rendered":"https:\/\/hostnetart.com.br\/baixada\/comecou-a-votacao-do-segundo-turno-das-eleicoes-da-funcef\/"},"modified":"2026-04-08T12:26:02","modified_gmt":"2026-04-08T15:26:02","slug":"comecou-a-votacao-do-segundo-turno-das-eleicoes-da-funcef","status":"publish","type":"post","link":"https:\/\/hostnetart.com.br\/baixada\/comecou-a-votacao-do-segundo-turno-das-eleicoes-da-funcef\/","title":{"rendered":"Come\u00e7ou a vota\u00e7\u00e3o do segundo turno das elei\u00e7\u00f5es da Funcef"},"content":{"rendered":"<p>A vota\u00e7\u00e3o do segundo turno das elei\u00e7\u00f5es da Funcef come\u00e7ou na \u00faltima segunda-feira (6) e segue at\u00e9 quinta-feira (9). A Federa\u00e7\u00e3o dos Trabalhadores do Ramo Financeiro dos Estados do Rio de Janeiro e Esp\u00edrito Santo (<strong>Fetraf RJ\/ES<\/strong>), junto com a Confedera\u00e7\u00e3o Nacional dos Trabalhadores do Ramo Financeiro (Contraf-CUT), reafirmam seu apoio \u00e0s candidaturas de Jair Ferreira (100) para a Diretoria de Benef\u00edcios, Selim Oliveira e Ana Carolina (200) para o Conselho Deliberativo, e Jesse Krieger e Jo\u00e3o Delibaldo (300) para o Conselho Fiscal no segundo turno das elei\u00e7\u00f5es da Funda\u00e7\u00e3o dos Economi\u00e1rios Federais (Funcef).<\/p>\n<h2><strong>Como votar<\/strong><\/h2>\n<p>A vota\u00e7\u00e3o ocorre por meio dos canais eletr\u00f4nicos disponibilizados pela Funcef para os participantes (para votar acesse:\u00a0<a href=\"https:\/\/autoatendimentoweb.funcef.com.br\/apl\/Autoatendimento_Web\/\" target=\"_blank\" rel=\"noopener noreferrer\">https:\/\/autoatendimentoweb.funcef.com.br\/apl\/Autoatendimento_Web\/<\/a>).<br \/>A orienta\u00e7\u00e3o da Contraf-CUT \u00e9 que os participantes votem nos seguintes candidatos:<br \/>\u27a1\ufe0f 100 \u2013 Jair Ferreira, para Diretor de Benef\u00edcios<br \/>\u27a1\ufe0f 200 \u2013 Selim Oliveira (titular) e Ana Carolina (suplente), para o Conselho Deliberativo<br \/>\u27a1\ufe0f 300 \u2013 Jesse Krieger (titular) e Jo\u00e3o Delibaldo (suplente), para o Conselho Fiscal<\/p>\n<h2><strong>Vote com consci\u00eancia<\/strong><\/h2>\n<p>O resultado da vota\u00e7\u00e3o pode ter rela\u00e7\u00e3o direta com a qualidade de vida das empregadas e empregados ap\u00f3s a aposentadoria. Por isso, o voto n\u00e3o deve ser por impulso. \u00c9 preciso analisar com cuidado para ver quem realmente est\u00e1 preparado para defender os participantes dos fundos de pens\u00e3o.<\/p>\n<p>Por isso, a Contraf-CUT apoia o grupo Participantes Funcef, que representa a continuidade de uma gest\u00e3o comprometida com resultados concretos e com a defesa dos interesses dos participantes e assistidos.<\/p>\n<h2><strong>Defesa dos participantes e resultados concretos<\/strong><\/h2>\n<p>A atual gest\u00e3o vinculada ao movimento Participantes Funcef tem apresentado avan\u00e7os importantes para o equil\u00edbrio dos planos e para a melhoria das condi\u00e7\u00f5es dos participantes. Entre os resultados recentes apontados est\u00e3o o equil\u00edbrio financeiro dos planos pela primeira vez desde 2017, avan\u00e7os na rentabilidade dos investimentos e a redu\u00e7\u00e3o de cobran\u00e7as extraordin\u00e1rias.<\/p>\n<p>Os dados mostram que:<\/p>\n<ul>\n<li>Os planos alcan\u00e7aram equil\u00edbrio financeiro ap\u00f3s anos de d\u00e9ficits;<\/li>\n<li>Houve rentabilidade superior a 13% nos planos CD;<\/li>\n<li>Foram realizados R$ 12,3 bilh\u00f5es em investimentos, com crescimento significativo;<\/li>\n<li>Foram recuperados R$ 129 milh\u00f5es em cr\u00e9ditos;<\/li>\n<li>Houve mais de R$ 8 bilh\u00f5es pagos em benef\u00edcios em 2025;<\/li>\n<li>Foi garantido o fim da contribui\u00e7\u00e3o extraordin\u00e1ria sobre o 13\u00ba a partir de 2026.<\/li>\n<\/ul>\n<p>Esses resultados demonstram a import\u00e2ncia de manter na governan\u00e7a da funda\u00e7\u00e3o representantes comprometidos com a transpar\u00eancia, o equil\u00edbrio atuarial e a defesa do patrim\u00f4nio coletivo dos participantes.<\/p>\n<h2><strong>Representa\u00e7\u00e3o dos participantes<\/strong><\/h2>\n<p>Os representantes eleitos t\u00eam papel fundamental na fiscaliza\u00e7\u00e3o e nas decis\u00f5es estrat\u00e9gicas da funda\u00e7\u00e3o.<\/p>\n<p>A Diretoria de Benef\u00edcios \u00e9 respons\u00e1vel pela gest\u00e3o dos planos e pelo relacionamento com os participantes. J\u00e1 o Conselho Deliberativo \u00e9 o principal \u00f3rg\u00e3o de decis\u00e3o da Funcef, definindo pol\u00edticas e diretrizes da funda\u00e7\u00e3o. O Conselho Fiscal, por sua vez, exerce o papel de fiscaliza\u00e7\u00e3o da gest\u00e3o e das contas da entidade.<\/p>\n<p>Para a Contraf-CUT, fortalecer a presen\u00e7a de representantes comprometidos com os participantes nesses espa\u00e7os \u00e9 essencial para garantir que a funda\u00e7\u00e3o continue avan\u00e7ando na recupera\u00e7\u00e3o financeira dos planos e na prote\u00e7\u00e3o dos direitos de empregados ativos, aposentados e pensionistas da Caixa.<\/p>\n<p><strong>Fonte: Contraf-CUT<\/strong><\/p>\n","protected":false},"excerpt":{"rendered":"<p>A vota\u00e7\u00e3o do segundo turno das elei\u00e7\u00f5es da Funcef come\u00e7ou na \u00faltima segunda-feira (6) e segue at\u00e9 quinta-feira (9). A Federa\u00e7\u00e3o dos Trabalhadores do Ramo Financeiro dos Estados do Rio de Janeiro e Esp\u00edrito Santo (Fetraf RJ\/ES), junto com a Confedera\u00e7\u00e3o Nacional dos Trabalhadores do Ramo Financeiro (Contraf-CUT), reafirmam seu apoio \u00e0s candidaturas de Jair [&hellip;]<\/p>\n","protected":false},"author":2,"featured_media":17100,"comment_status":"","ping_status":"","sticky":false,"template":"","format":"standard","meta":{"footnotes":""},"categories":[3],"tags":[],"class_list":["post-17101","post","type-post","status-publish","format-standard","has-post-thumbnail","hentry","category-noticias"],"_links":{"self":[{"href":"https:\/\/hostnetart.com.br\/baixada\/wp-json\/wp\/v2\/posts\/17101","targetHints":{"allow":["GET"]}}],"collection":[{"href":"https:\/\/hostnetart.com.br\/baixada\/wp-json\/wp\/v2\/posts"}],"about":[{"href":"https:\/\/hostnetart.com.br\/baixada\/wp-json\/wp\/v2\/types\/post"}],"author":[{"embeddable":true,"href":"https:\/\/hostnetart.com.br\/baixada\/wp-json\/wp\/v2\/users\/2"}],"replies":[{"embeddable":true,"href":"https:\/\/hostnetart.com.br\/baixada\/wp-json\/wp\/v2\/comments?post=17101"}],"version-history":[{"count":0,"href":"https:\/\/hostnetart.com.br\/baixada\/wp-json\/wp\/v2\/posts\/17101\/revisions"}],"wp:featuredmedia":[{"embeddable":true,"href":"https:\/\/hostnetart.com.br\/baixada\/wp-json\/wp\/v2\/media\/17100"}],"wp:attachment":[{"href":"https:\/\/hostnetart.com.br\/baixada\/wp-json\/wp\/v2\/media?parent=17101"}],"wp:term":[{"taxonomy":"category","embeddable":true,"href":"https:\/\/hostnetart.com.br\/baixada\/wp-json\/wp\/v2\/categories?post=17101"},{"taxonomy":"post_tag","embeddable":true,"href":"https:\/\/hostnetart.com.br\/baixada\/wp-json\/wp\/v2\/tags?post=17101"}],"curies":[{"name":"wp","href":"https:\/\/api.w.org\/{rel}","templated":true}]}}