{"id":1710,"date":"2013-11-14T00:00:00","date_gmt":"2013-11-14T02:00:00","guid":{"rendered":"https:\/\/hostnetart.com.br\/baixada\/politica-de-seguranca-promove-genocidio-de-jovens-negros-nas-favelas\/"},"modified":"2013-11-14T00:00:00","modified_gmt":"2013-11-14T02:00:00","slug":"politica-de-seguranca-promove-genocidio-de-jovens-negros-nas-favelas","status":"publish","type":"post","link":"https:\/\/hostnetart.com.br\/baixada\/politica-de-seguranca-promove-genocidio-de-jovens-negros-nas-favelas\/","title":{"rendered":"Pol\u00edtica de seguran\u00e7a promove genoc\u00eddio de jovens negros nas favelas"},"content":{"rendered":"<p>Na segunda mesa de debates do II F\u00f3rum Nacional pela Visibilidade Negra no Sistema Financeiro, realizado nesta quarta-feira (13) no Hotel S\u00e3o Francisco, no Rio de Janeiro, a doutora em Psicologia Social e coordenadora de Direitos Humanos do Observat\u00f3rio de Favelas, Raquel Willadino, denunciou o que chama de genoc\u00eddio da popula\u00e7\u00e3o jovem e negra das favelas do Rio em consequ\u00eancia de uma pol\u00edtica de seguran\u00e7a pautada pela l\u00f3gica de \u201cguerra\u201d nas a\u00e7\u00f5es contra o tr\u00e1fico de drogas. Segundo Raquel, essa pol\u00edtica gera a criminaliza\u00e7\u00e3o das comunidades pobres e dos jovens, em sua maioria negros, que vivem nas periferias.<\/p>\n<p>\u00a0<\/p>\n<p>Ao abordar o tema \u201cPanorama sociorracial e a viol\u00eancia contra a popula\u00e7\u00e3o negra no Brasil\u201d, a psic\u00f3loga disse que \u00e9 necess\u00e1rio mudar o foco das pol\u00edticas p\u00fablicas de seguran\u00e7a, que deveriam estar voltadas para a redu\u00e7\u00e3o da viol\u00eancia letal de adolescentes e jovens.<\/p>\n<p>\u00a0<\/p>\n<p>\u201cA falta de pol\u00edticas p\u00fablicas com foco em meninos negros de 12 a 18 anos se reflete no aumento do \u00cdndice de Homic\u00eddios na Adolesc\u00eancia (IHA)\u201d, avalia a coordenadora do Programa de Redu\u00e7\u00e3o de Viol\u00eancia Letal contra Adolescentes e Jovens.<\/p>\n<p>\u00a0<\/p>\n<p>\u00a0<\/p>\n<p>Calculado com base no banco de dados do Minist\u00e9rio da Sa\u00fade, o IHA mostra que o risco de um jovem negro ser v\u00edtima de homic\u00eddio \u00e9 quase tr\u00eas vezes superior ao de um branco.<\/p>\n<p>\u00a0<\/p>\n<p>De acordo com Raquel, pesquisas recentes da organiza\u00e7\u00e3o n\u00e3o governamental Observat\u00f3rio de Favelas, feita em 16 regi\u00f5es metropolitanas, revelam que apenas 8% dos programas de enfrentamento da viol\u00eancia desenvolvidos nos \u00faltimos anos por estados e munic\u00edpios levaram em conta a quest\u00e3o racial.<\/p>\n<p>\u00a0<\/p>\n<p>\u201cO racismo \u00e9 um elemento estruturante dessa \u00eanfase na letalidade da juventude negra. Temos o processo de criminaliza\u00e7\u00e3o n\u00e3o s\u00f3 da pobreza, mas particularmente dos jovens negros moradores de espa\u00e7o populares\u201d, disse. Ela lembra que o Mapa da Viol\u00eancia, que tra\u00e7a o perfil das mortes entre pessoas de 15 a 29 anos, j\u00e1 apontava assassinatos generalizados de negros.<\/p>\n<p>\u00a0<\/p>\n<p>\u00a0<\/p>\n<p><strong>O sil\u00eancio da m\u00eddia<\/strong><\/p>\n<p>\u00a0<\/p>\n<p>Segundo Raquel, al\u00e9m dos n\u00fameros alarmantes de jovens pobres assassinados nas periferias das cidades, outro aspecto que preocupa \u00e9 o sil\u00eancio da m\u00eddia e da opini\u00e3o p\u00fablica diante do quadro social.<\/p>\n<p>\u00a0<\/p>\n<p>\u201cO exterm\u00ednio da popula\u00e7\u00e3o negra juvenil dos bairros pobres n\u00e3o repercute na m\u00eddia e n\u00e3o chega \u00e0 opini\u00e3o p\u00fablica. Este sil\u00eancio \u00e9 igualmente letal\u201d, criticou. A especialista criticou ainda a naturaliza\u00e7\u00e3o e legitima\u00e7\u00e3o das mortes.<\/p>\n<p>\u00a0<\/p>\n<p>\u201cSe eu passo por um menino dormindo na rua e considero esta imagem como parte natural do cotidiano, bem como n\u00e3o me indigno com o exterm\u00ednio nas favelas, eu legitimo esta pol\u00edtica genocida\u201d, acrescentou.<\/p>\n<p>\u00a0<\/p>\n<p>Para Raquel, \u00e9 preciso mudar o modelo de \u201cguerra ao crime\u201d e criar pol\u00edticas pautadas nos direitos humanos e valoriza\u00e7\u00e3o da vida. \u201cNossa proposta passa pelo controle de armas, cria\u00e7\u00e3o de pol\u00edticas preventivas e mudan\u00e7a radical nas pol\u00edticas p\u00fablicas\u201d, ressaltou.<\/p>\n<p>\u00a0<\/p>\n<p>O Observat\u00f3rio das Favelas apresenta v\u00e1rias outras proposi\u00e7\u00f5es para mudar esse quadro social, que passa pela discuss\u00e3o racial, j\u00e1 que 77% dos jovens assassinados no Brasil s\u00e3o negros.<\/p>\n<p>\u00a0<\/p>\n<p>Entre as medidas, a entidade prop\u00f5e: a\u00e7\u00f5es de mobiliza\u00e7\u00e3o e programas de democratiza\u00e7\u00e3o da informa\u00e7\u00e3o, inclusive com a cria\u00e7\u00e3o de uma escola popular de comunica\u00e7\u00e3o cr\u00edtica e o projeto \u201cM\u00eddia e Favela\u201d.<\/p>\n<p>\u00a0<\/p>\n<p>A entidade busca ainda, atrav\u00e9s de abaixo-assinado, divulgar um protocolo de proposi\u00e7\u00f5es para reduzir o homic\u00eddio de adolescentes das \u00e1reas populares, que ser\u00e1 entregue aos governos municipais, estaduais e federal.<\/p>\n<p>\u00a0<\/p>\n<p>Mais informa\u00e7\u00f5es sobre os projetos sociais da ONG nos sites www.jmv.org.br ou www.observatoriodasfavelas.org.br<\/p>\n<p>\u00a0<\/p>\n<p>\u00a0<\/p>\n<p><strong>Pela visibilidade negra<\/strong><\/p>\n<p>\u00a0<\/p>\n<p>O II F\u00f3rum Nacional, que integra a programa\u00e7\u00e3o do m\u00eas da consci\u00eancia negra, \u00e9 uma promo\u00e7\u00e3o conjunta da Contraf-CUT, Sindicato dos Banc\u00e1rios do Rio de Janeiro e Fetraf RJ-ES.<\/p>\n<p>\u00a0<\/p>\n<p>O evento termina nesta quinta-feira (14) e conta com transmiss\u00e3o ao vivo pela equipe de imprensa do Sindicato dos Banc\u00e1rios de Bras\u00edlia.<\/p>\n<p>\u00a0<\/p>\n<p>Clique\u00a0<a href=\"http:\/\/www.bancariosdf.com.br\/site\/index.php?option=com_content&amp;view=article&amp;id=12232;ao-vivo-ii-forum-nacional-pela-visibilidade-negra-nos-bancos&amp;catid=1;timas&amp;Itemid=93\" target=\"_blank\" rel=\"noopener noreferrer\">aqui<\/a>\u00a0para assistir \u00e0 transmiss\u00e3o ao vivo.<\/p>\n<p>\u00a0<\/p>\n<p>A programa\u00e7\u00e3o estabelece uma mesa de debates sobre \u201cAspectos Conceituais e Pol\u00edticos das A\u00e7\u00f5es Afirmativas no Brasil: Avan\u00e7os e Lacunas\u201d.<\/p>\n<p>\u00a0<\/p>\n<p>Tamb\u00e9m ser\u00e1 realizada uma roda de conversa com a participa\u00e7\u00e3o da Contraf-CUT, Dieese, CUT Nacional, Unegro-RJ e Fenaban sobre \u201cOs desafios das pol\u00edticas antirracistas no sistema financeiro, a transversalidade e as negocia\u00e7\u00f5es coletivas\u201d.<\/p>\n<p>\u00a0<\/p>\n<p>Ao final, ser\u00e1 feita uma repactua\u00e7\u00e3o da Carta de Compromisso das Entidades.<\/p>\n<p>\u00a0<\/p>\n<p>Fonte: Seeb Rio de Janeiro<\/p>\n","protected":false},"excerpt":{"rendered":"<p>Na segunda mesa de debates do II F\u00f3rum Nacional pela Visibilidade Negra no Sistema Financeiro, realizado nesta quarta-feira (13) no Hotel S\u00e3o Francisco, no Rio de Janeiro, a doutora em Psicologia Social e coordenadora de Direitos Humanos do Observat\u00f3rio de Favelas, Raquel Willadino, denunciou o que chama de genoc\u00eddio da popula\u00e7\u00e3o jovem e negra das [&hellip;]<\/p>\n","protected":false},"author":1,"featured_media":0,"comment_status":"","ping_status":"","sticky":false,"template":"","format":"standard","meta":{"footnotes":""},"categories":[3],"tags":[],"class_list":["post-1710","post","type-post","status-publish","format-standard","hentry","category-noticias"],"_links":{"self":[{"href":"https:\/\/hostnetart.com.br\/baixada\/wp-json\/wp\/v2\/posts\/1710","targetHints":{"allow":["GET"]}}],"collection":[{"href":"https:\/\/hostnetart.com.br\/baixada\/wp-json\/wp\/v2\/posts"}],"about":[{"href":"https:\/\/hostnetart.com.br\/baixada\/wp-json\/wp\/v2\/types\/post"}],"author":[{"embeddable":true,"href":"https:\/\/hostnetart.com.br\/baixada\/wp-json\/wp\/v2\/users\/1"}],"replies":[{"embeddable":true,"href":"https:\/\/hostnetart.com.br\/baixada\/wp-json\/wp\/v2\/comments?post=1710"}],"version-history":[{"count":0,"href":"https:\/\/hostnetart.com.br\/baixada\/wp-json\/wp\/v2\/posts\/1710\/revisions"}],"wp:attachment":[{"href":"https:\/\/hostnetart.com.br\/baixada\/wp-json\/wp\/v2\/media?parent=1710"}],"wp:term":[{"taxonomy":"category","embeddable":true,"href":"https:\/\/hostnetart.com.br\/baixada\/wp-json\/wp\/v2\/categories?post=1710"},{"taxonomy":"post_tag","embeddable":true,"href":"https:\/\/hostnetart.com.br\/baixada\/wp-json\/wp\/v2\/tags?post=1710"}],"curies":[{"name":"wp","href":"https:\/\/api.w.org\/{rel}","templated":true}]}}