{"id":17091,"date":"2026-04-01T12:15:04","date_gmt":"2026-04-01T15:15:04","guid":{"rendered":"https:\/\/hostnetart.com.br\/baixada\/gt-de-promocao-por-merito-definicao-antecipada-de-criterios-triplica-numero-de-empregados-que-recebeu-segundo-delta\/"},"modified":"2026-04-01T12:15:04","modified_gmt":"2026-04-01T15:15:04","slug":"gt-de-promocao-por-merito-definicao-antecipada-de-criterios-triplica-numero-de-empregados-que-recebeu-segundo-delta","status":"publish","type":"post","link":"https:\/\/hostnetart.com.br\/baixada\/gt-de-promocao-por-merito-definicao-antecipada-de-criterios-triplica-numero-de-empregados-que-recebeu-segundo-delta\/","title":{"rendered":"GT de Promo\u00e7\u00e3o por M\u00e9rito: Defini\u00e7\u00e3o antecipada de crit\u00e9rios triplica n\u00famero de empregados que recebeu segundo Delta"},"content":{"rendered":"<h2><strong>Principais pontos da reuni\u00e3o<\/strong><\/h2>\n<p>\u2022\u00a0\u00a0 \u00a0Representa\u00e7\u00e3o dos trabalhadores cobra pagamento do primeiro delta em janeiro;<br \/>\u2022\u00a0\u00a0 \u00a0Entidades defendem crit\u00e9rios justos e sem entraves burocr\u00e1ticos;<br \/>\u2022\u00a0\u00a0 \u00a0Debate aborda problemas com comprova\u00e7\u00e3o de vacina\u00e7\u00e3o e acesso a sistemas;<br \/>\u2022\u00a0\u00a0 \u00a0Crit\u00e9rio de desempate e participa\u00e7\u00e3o de dirigentes sindicais tamb\u00e9m entram na pauta;<br \/>\u2022\u00a0\u00a0 \u00a0N\u00famero de empregados contemplados com dois deltas cresce e \u00e9 apontado como avan\u00e7o.<\/p>\n<h2><strong>Leia a \u00edntegra do texto<\/strong><\/h2>\n<p>Representantes das empregadas e dos empregados da Caixa e da dire\u00e7\u00e3o do banco se reuniram na segunda-feira (30), por videoconfer\u00eancia, para mais uma rodada de discuss\u00f5es do Grupo de Trabalho (GT) de Promo\u00e7\u00e3o por M\u00e9rito. O encontro teve como objetivo avaliar o processo referente ao ano-base 2025 e discutir ajustes necess\u00e1rios para o pr\u00f3ximo ciclo, buscando garantir crit\u00e9rios justos e maior efetividade no reconhecimento das trabalhadoras e dos trabalhadores.\u00a0<\/p>\n<p>Um dos principais pontos levantados pelas entidades sindicais foi a necessidade de assegurar que o pagamento do primeiro delta ocorra em janeiro do ano seguinte ao per\u00edodo avaliado. Na avalia\u00e7\u00e3o da representa\u00e7\u00e3o dos empregados, o atraso no pagamento \u2013 realizado apenas em mar\u00e7o por ter sido vinculado ao programa RESULTADO.CAIXA \u2013 acabou postergando um aumento salarial que j\u00e1 era devido aos trabalhadores contemplados.<\/p>\n<p>O coordenador da representa\u00e7\u00e3o das empregadas e empregados no GT, Jo\u00e3o Paulo Pierozan, destacou que garantir previsibilidade e respeito aos prazos \u00e9 essencial para a credibilidade do processo. \u201c\u00c9 fundamental que os crit\u00e9rios sejam respeitados, mas tamb\u00e9m que o reconhecimento venha no tempo certo. O pagamento do primeiro delta em janeiro precisa ser um compromisso do banco, para que o trabalhador n\u00e3o tenha seu avan\u00e7o salarial adiado\u201d, afirmou.<\/p>\n<h2><strong>Crit\u00e9rios e pend\u00eancias<\/strong><\/h2>\n<p>Durante a reuni\u00e3o, as entidades tamb\u00e9m apontaram a necessidade de eliminar obst\u00e1culos burocr\u00e1ticos que acabam prejudicando empregados que cumprem os requisitos, mas enfrentam dificuldades operacionais para comprovar determinadas exig\u00eancias.<\/p>\n<p>Entre os problemas relatados est\u00e3o falhas ou atrasos na atualiza\u00e7\u00e3o de dados no aplicativo Conecta SUS, utilizado para comprova\u00e7\u00e3o de vacina\u00e7\u00e3o. A representa\u00e7\u00e3o dos trabalhadores defendeu que a Caixa aceite outros comprovantes, inclusive em meio f\u00edsico, com possibilidade de valida\u00e7\u00e3o pelo sistema Sou Caixa.\u00a0<\/p>\n<p>Para a representante da Fetrafi\/NE, C\u00e2ndida Fernandes (Chay), \u00e9 preciso evitar que quest\u00f5es administrativas impe\u00e7am o reconhecimento de quem cumpriu os crit\u00e9rios. \u201cN\u00e3o podemos aceitar que trabalhadores deixem de receber a promo\u00e7\u00e3o por m\u00e9rito por problemas que n\u00e3o dependem deles, como falhas de sistema ou dificuldades de atualiza\u00e7\u00e3o de dados. \u00c9 preciso garantir alternativas para comprova\u00e7\u00e3o e evitar injusti\u00e7as\u201d, afirmou.<\/p>\n<p>Outro tema debatido foi a situa\u00e7\u00e3o de dirigentes sindicais liberados, que muitas vezes enfrentam dificuldades de acesso aos sistemas internos do banco necess\u00e1rios para cumprir determinados requisitos do programa.<\/p>\n<h2><strong>Crit\u00e9rios de desempate e justi\u00e7a no processo<\/strong><\/h2>\n<p>Os representantes dos trabalhadores tamb\u00e9m questionaram crit\u00e9rios de desempate utilizados no processo, especialmente quando h\u00e1 refer\u00eancia \u00e0 idade do empregado. A posi\u00e7\u00e3o defendida pelas entidades \u00e9 de que, nesses casos, o tempo de trabalho na Caixa seja priorizado.<\/p>\n<p>A representante da Fetec-CUT\/SP, Luiza Hansen, ressaltou que o processo precisa manter coer\u00eancia e transpar\u00eancia em todas as etapas. \u201cO primeiro delta, por exemplo, n\u00e3o tinha nada que impedisse seu pagamento j\u00e1 em janeiro. Esse \u00e9 um ponto central para o debate deste GT, porque precisamos garantir regras claras e que realmente valorizem o esfor\u00e7o das empregadas e dos empregados\u201d, disse.<\/p>\n<h2><strong>Avan\u00e7o na concess\u00e3o do segundo delta<\/strong><\/h2>\n<p>Entre os aspectos positivos apresentados durante a reuni\u00e3o est\u00e1 o aumento significativo no n\u00famero de trabalhadores contemplados com o segundo delta da promo\u00e7\u00e3o por m\u00e9rito.<\/p>\n<p>Dados debatidos no GT indicam que o n\u00famero de empregados que receberam dois deltas passou de 10.290, em 2022\/2021 (\u00faltimo ano que a Caixa havia efetuado o pagamento do segundo delta) para 32.413 trabalhadores neste ano (2026\/2025), resultado que as entidades atribuem \u00e0 press\u00e3o e ao di\u00e1logo mantido pela representa\u00e7\u00e3o sindical nas negocia\u00e7\u00f5es.\u00a0<\/p>\n<p>Para o representante da Fetrafi-MG, Nerival Faustino Gomes (Nery), o crescimento no n\u00famero de contemplados demonstra que a atua\u00e7\u00e3o coletiva pode gerar avan\u00e7os concretos. \u201cEsse aumento no n\u00famero de trabalhadores que receberam dois deltas mostra que a mobiliza\u00e7\u00e3o e o debate no GT t\u00eam resultado. Ampliar o reconhecimento do m\u00e9rito \u00e9 uma conquista importante para a categoria\u201d, afirmou.<\/p>\n<p>&#8220;Historicamente, cerca de 60 mil empregados conquistam o primeiro delta, mas apenas 10 mil conseguiam se habilitar ao segundo. Isto porque, nos \u00faltimos anos, a Caixa postergava as negocia\u00e7\u00f5es at\u00e9 dezembro, inviabilizando o cumprimento retroativo dos crit\u00e9rios, na pr\u00e1tica, eliminando, a possibilidade de um segundo delta. Desta vez, com crit\u00e9rios constru\u00eddos e debatidos pelo pr\u00f3prio movimento sindical, houve uma virada hist\u00f3rica: triplicamos o n\u00famero de empregados contemplados com o segundo delta, saltando de 10 mil para 30 mil habilitados. Uma conquista que refor\u00e7a a import\u00e2ncia da negocia\u00e7\u00e3o coletiva e da participa\u00e7\u00e3o ativa das entidades representativas\u201d, refor\u00e7ou a representante da Federa\u00e7\u00e3o das Trabalhadores e dos Trabalhadores do Ramo Financeiro do Estado do Rio de Janeiro (Federa-RJ), Sonia Eymard.<\/p>\n<h2><strong>Pr\u00f3ximos passos<\/strong><\/h2>\n<p>O GT de Promo\u00e7\u00e3o por M\u00e9rito seguir\u00e1 discutindo os crit\u00e9rios para o ciclo referente ao ano-base 2026. Entre os pontos em debate est\u00e3o a defini\u00e7\u00e3o de regras mais acess\u00edveis, a elimina\u00e7\u00e3o de entraves burocr\u00e1ticos e a garantia de pagamento das promo\u00e7\u00f5es dentro do prazo adequado.<\/p>\n<p>\u201cVamos continuar acompanhando o processo e cobrando da Caixa medidas que assegurem justi\u00e7a, transpar\u00eancia e valoriza\u00e7\u00e3o das empregadas e dos empregados no programa de promo\u00e7\u00e3o por m\u00e9rito\u201d, concluiu o representante da Federa\u00e7\u00e3o dos Empregados em Estabelecimentos Banc\u00e1rios (Feeb) de S\u00e3o Paulo e Mato Grosso do Sul, Tesifon Quevedo Neto.<\/p>\n<p>A pr\u00f3xima reuni\u00e3o do GT ainda n\u00e3o foi marcada.<\/p>\n<p><strong>Fonte: Contraf-CUT<\/strong><\/p>\n","protected":false},"excerpt":{"rendered":"<p>Principais pontos da reuni\u00e3o \u2022\u00a0\u00a0 \u00a0Representa\u00e7\u00e3o dos trabalhadores cobra pagamento do primeiro delta em janeiro;\u2022\u00a0\u00a0 \u00a0Entidades defendem crit\u00e9rios justos e sem entraves burocr\u00e1ticos;\u2022\u00a0\u00a0 \u00a0Debate aborda problemas com comprova\u00e7\u00e3o de vacina\u00e7\u00e3o e acesso a sistemas;\u2022\u00a0\u00a0 \u00a0Crit\u00e9rio de desempate e participa\u00e7\u00e3o de dirigentes sindicais tamb\u00e9m entram na pauta;\u2022\u00a0\u00a0 \u00a0N\u00famero de empregados contemplados com dois deltas cresce e [&hellip;]<\/p>\n","protected":false},"author":2,"featured_media":17090,"comment_status":"","ping_status":"","sticky":false,"template":"","format":"standard","meta":{"footnotes":""},"categories":[3],"tags":[],"class_list":["post-17091","post","type-post","status-publish","format-standard","has-post-thumbnail","hentry","category-noticias"],"_links":{"self":[{"href":"https:\/\/hostnetart.com.br\/baixada\/wp-json\/wp\/v2\/posts\/17091","targetHints":{"allow":["GET"]}}],"collection":[{"href":"https:\/\/hostnetart.com.br\/baixada\/wp-json\/wp\/v2\/posts"}],"about":[{"href":"https:\/\/hostnetart.com.br\/baixada\/wp-json\/wp\/v2\/types\/post"}],"author":[{"embeddable":true,"href":"https:\/\/hostnetart.com.br\/baixada\/wp-json\/wp\/v2\/users\/2"}],"replies":[{"embeddable":true,"href":"https:\/\/hostnetart.com.br\/baixada\/wp-json\/wp\/v2\/comments?post=17091"}],"version-history":[{"count":0,"href":"https:\/\/hostnetart.com.br\/baixada\/wp-json\/wp\/v2\/posts\/17091\/revisions"}],"wp:featuredmedia":[{"embeddable":true,"href":"https:\/\/hostnetart.com.br\/baixada\/wp-json\/wp\/v2\/media\/17090"}],"wp:attachment":[{"href":"https:\/\/hostnetart.com.br\/baixada\/wp-json\/wp\/v2\/media?parent=17091"}],"wp:term":[{"taxonomy":"category","embeddable":true,"href":"https:\/\/hostnetart.com.br\/baixada\/wp-json\/wp\/v2\/categories?post=17091"},{"taxonomy":"post_tag","embeddable":true,"href":"https:\/\/hostnetart.com.br\/baixada\/wp-json\/wp\/v2\/tags?post=17091"}],"curies":[{"name":"wp","href":"https:\/\/api.w.org\/{rel}","templated":true}]}}