{"id":1709,"date":"2013-11-14T00:00:00","date_gmt":"2013-11-14T02:00:00","guid":{"rendered":"https:\/\/hostnetart.com.br\/baixada\/bancarios-paralisam-agencias-do-itau-contra-demissoes-em-catanduva\/"},"modified":"2013-11-14T00:00:00","modified_gmt":"2013-11-14T02:00:00","slug":"bancarios-paralisam-agencias-do-itau-contra-demissoes-em-catanduva","status":"publish","type":"post","link":"https:\/\/hostnetart.com.br\/baixada\/bancarios-paralisam-agencias-do-itau-contra-demissoes-em-catanduva\/","title":{"rendered":"Banc\u00e1rios paralisam ag\u00eancias do Ita\u00fa contra demiss\u00f5es em Catanduva"},"content":{"rendered":"<p>Os banc\u00e1rios paralisaram duas ag\u00eancias do Ita\u00fa na manh\u00e3 de quarta-feira (13) em Catanduva, no interior de S\u00e3o Paulo, protestando contra as constantes demiss\u00f5es ocorridas na institui\u00e7\u00e3o financeira. \u201c\u00c9 um absurdo o que vem ocorrendo nos bancos, principalmente no Ita\u00fa, em rela\u00e7\u00e3o \u00e0 dispensa de funcion\u00e1rios. Como pode um banco que lucra bilh\u00f5es, tratar t\u00e3o mal clientes e funcion\u00e1rios. Isso tem que acabar\u201d, esbraveja o presidente do Sindicato dos Banc\u00e1rios de Catanduva e funcion\u00e1rio do Ita\u00fa, Paulo Franco.<\/p>\n<p>\u00a0<\/p>\n<p>Em junho, a dire\u00e7\u00e3o do banco informou em reuni\u00e3o com dirigentes sindicais que n\u00e3o fecharia centros administrativos, nem cortaria postos de trabalho diante do investimento em novo polo de tecnologia no interior do estado.<\/p>\n<p>\u00a0<\/p>\n<p>\u201cN\u00e3o foi bem o que ocorreu. Essas demiss\u00f5es n\u00e3o pararam mais desde ent\u00e3o. Quem fica, al\u00e9m de ficar sobrecarregado, com trabalho at\u00e9 aos finais de semana, vai adoecer, pois a press\u00e3o e o medo da dispensa j\u00e1 fazem parte do cotidiano\u201d, alerta o diretor do Sindicato e tamb\u00e9m funcion\u00e1rio do Ita\u00fa, Carlos Alberto Moretto, destacando a crescente terceiriza\u00e7\u00e3o na \u00e1rea de tecnologia, o que precariza o trabalho.<\/p>\n<p>\u00a0<\/p>\n<p>Al\u00e9m do investimento no novo centro tecnol\u00f3gico, o lucro l\u00edquido recorrente do Ita\u00fa atingiu R$ 11,156 bilh\u00f5es nos nove primeiros meses de 2013, 5,8% mais em rela\u00e7\u00e3o ao mesmo per\u00edodo de 2012. \u201cEsse resultado fant\u00e1stico \u00e9 fruto do trabalho dos banc\u00e1rios. Mas, infelizmente, n\u00e3o h\u00e1 contrapartida para a sociedade, apenas desemprego\u201d, destaca Segio Ximbica, diretor do Sindicato e tamb\u00e9m funcion\u00e1ro do Ita\u00fa.<\/p>\n<p>\u00a0<\/p>\n<p>O banco reduziu o n\u00famero de trabalhadores de 104.022 em mar\u00e7o de 2011 para 87.440 em setembro de 2013 \u2013 corte de 16.582 postos de trabalho no per\u00edodo. Pode?<\/p>\n<p>\u00a0<\/p>\n<p>Fonte: Contraf-CUT com Fetec-CUT\/SP<\/p>\n","protected":false},"excerpt":{"rendered":"<p>Os banc\u00e1rios paralisaram duas ag\u00eancias do Ita\u00fa na manh\u00e3 de quarta-feira (13) em Catanduva, no interior de S\u00e3o Paulo, protestando contra as constantes demiss\u00f5es ocorridas na institui\u00e7\u00e3o financeira. \u201c\u00c9 um absurdo o que vem ocorrendo nos bancos, principalmente no Ita\u00fa, em rela\u00e7\u00e3o \u00e0 dispensa de funcion\u00e1rios. Como pode um banco que lucra bilh\u00f5es, tratar t\u00e3o [&hellip;]<\/p>\n","protected":false},"author":1,"featured_media":0,"comment_status":"","ping_status":"","sticky":false,"template":"","format":"standard","meta":{"footnotes":""},"categories":[3],"tags":[],"class_list":["post-1709","post","type-post","status-publish","format-standard","hentry","category-noticias"],"_links":{"self":[{"href":"https:\/\/hostnetart.com.br\/baixada\/wp-json\/wp\/v2\/posts\/1709","targetHints":{"allow":["GET"]}}],"collection":[{"href":"https:\/\/hostnetart.com.br\/baixada\/wp-json\/wp\/v2\/posts"}],"about":[{"href":"https:\/\/hostnetart.com.br\/baixada\/wp-json\/wp\/v2\/types\/post"}],"author":[{"embeddable":true,"href":"https:\/\/hostnetart.com.br\/baixada\/wp-json\/wp\/v2\/users\/1"}],"replies":[{"embeddable":true,"href":"https:\/\/hostnetart.com.br\/baixada\/wp-json\/wp\/v2\/comments?post=1709"}],"version-history":[{"count":0,"href":"https:\/\/hostnetart.com.br\/baixada\/wp-json\/wp\/v2\/posts\/1709\/revisions"}],"wp:attachment":[{"href":"https:\/\/hostnetart.com.br\/baixada\/wp-json\/wp\/v2\/media?parent=1709"}],"wp:term":[{"taxonomy":"category","embeddable":true,"href":"https:\/\/hostnetart.com.br\/baixada\/wp-json\/wp\/v2\/categories?post=1709"},{"taxonomy":"post_tag","embeddable":true,"href":"https:\/\/hostnetart.com.br\/baixada\/wp-json\/wp\/v2\/tags?post=1709"}],"curies":[{"name":"wp","href":"https:\/\/api.w.org\/{rel}","templated":true}]}}