{"id":17086,"date":"2026-03-30T13:03:02","date_gmt":"2026-03-30T16:03:02","guid":{"rendered":"https:\/\/hostnetart.com.br\/baixada\/fetraf-rj-es-participa-do-7-congresso-da-contraf-cut\/"},"modified":"2026-03-30T13:03:02","modified_gmt":"2026-03-30T16:03:02","slug":"fetraf-rj-es-participa-do-7-congresso-da-contraf-cut","status":"publish","type":"post","link":"https:\/\/hostnetart.com.br\/baixada\/fetraf-rj-es-participa-do-7-congresso-da-contraf-cut\/","title":{"rendered":"Fetraf RJ\/ES participa do 7\u00ba Congresso da Contraf-CUT"},"content":{"rendered":"<div class=\"elementor elementor-12262 elementor-location-single post-29665 post type-post status-publish format-standard has-post-thumbnail hentry category-noticias\" data-elementor-type=\"single-post\" data-elementor-id=\"12262\" data-elementor-settings=\"[]\">\n<div class=\"elementor-section-wrap\">\n<section class=\"elementor-section elementor-top-section elementor-element elementor-element-e256549 elementor-section-boxed elementor-section-height-default elementor-section-height-default\" data-id=\"e256549\" data-element_type=\"section\" data-settings=\"{&quot;background_background&quot;:&quot;classic&quot;}\">\n<div class=\"elementor-container elementor-column-gap-default\">\n<div class=\"elementor-row\">\n<div class=\"elementor-column elementor-col-100 elementor-top-column elementor-element elementor-element-3aa54a3\" data-id=\"3aa54a3\" data-element_type=\"column\">\n<div class=\"elementor-column-wrap elementor-element-populated\">\n<div class=\"elementor-widget-wrap\">\n<div class=\"elementor-element elementor-element-43a09ee elementor-widget elementor-widget-theme-post-content\" data-id=\"43a09ee\" data-element_type=\"widget\" data-widget_type=\"theme-post-content.default\">\n<div class=\"elementor-widget-container\">\n<p>De 27 a 29 de mar\u00e7o, foi realizado\u00a0o\u00a0<strong>7\u00ba Congresso<\/strong>\u00a0da\u00a0Confedera\u00e7\u00e3o Nacional dos Trabalhadores e das Trabalhadoras do Ramo Financeiro (<strong>Contraf<\/strong>\u2013<strong>CUT<\/strong>), na cidade do Guaruj\u00e1 (SP).<\/p>\n<p>O evento, que teve como slogan\u00a0<em><strong>Organizar, defender e avan\u00e7ar: o futuro \u00e9 nosso!<\/strong><\/em>, contou com a participa\u00e7\u00e3o de uma\u00a0<strong>delega\u00e7\u00e3o<\/strong>\u00a0da Federa\u00e7\u00e3o dos Trabalhadores do Ramo Financeiro dos Estados do Rio de Janeiro e Esp\u00edrito Santo (<strong>Fetraf RJ\/ES<\/strong>), composta pelos diretores:\u00a0<strong>Nilton Esperan\u00e7a, Wagner Figueiredo, Paulo Alves, Roberto Domingos<\/strong><strong>, Joanderson Gomes e Mariza Teixeira.<\/strong><\/p>\n<p><strong>Roberto Domingos <\/strong>tamb\u00e9m\u00a0\u00e9 Diretor do <strong>Sindicato dos Banc\u00e1rios da Baixada Fluminense<\/strong>.\u00a0<\/p>\n<p>No total, foram 328 delegadas e delegados, inscritos por Sindicatos e Federa\u00e7\u00f5es.<\/p>\n<p>Al\u00e9m de debater as adversidades para a manuten\u00e7\u00e3o de direitos dos trabalhadores,\u00a0a pauta do congresso previa elei\u00e7\u00e3o da diretoria executiva nacional, conselho fiscal e conselho diretivo; defini\u00e7\u00e3o de linha pol\u00edtica e organizativa da Confedera\u00e7\u00e3o; altera\u00e7\u00f5es estatut\u00e1rias; e outros assuntos, como balan\u00e7o da gest\u00e3o, an\u00e1lise de conjuntura e avalia\u00e7\u00e3o dos pr\u00f3ximos desafios para o movimento sindical do ramo financeiro.<\/p>\n<p>\u201c<strong><em>Evento de grande import\u00e2ncia para a categoria banc\u00e1ria. E de onde sa\u00edram resolu\u00e7\u00f5es que ir\u00e3o definir caminhos e estrat\u00e9gias para este ano desafiador. E, tamb\u00e9m, queria parabenizar a Contraf-CUT pelos 20 anos de lutas, Agradecer a Presidenta Juvandia e demais componentes da nossa Confedera\u00e7\u00e3o, por sempre estarem ao lados dos<\/em>\u00a0<em>trabalhadores. O evento foi uma reuni\u00e3o democr\u00e1tica, de todas as for\u00e7as, centrais, demonstrando que unidos somos sempre mais fortes<\/em><\/strong>\u201c, comentou Nilton Esperan\u00e7a, Presidente da Fetraf RJ\/ES.<\/p>\n<p>PLANO DE LUTAS<\/p>\n<p>Os 196 delegados e 132 delegadas aprovaram um amplo Plano de Lutas para os pr\u00f3ximos anos, com diretrizes voltadas \u00e0 defesa do emprego banc\u00e1rio, \u00e0 regula\u00e7\u00e3o do sistema financeiro, ao enfrentamento dos impactos das novas tecnologias no trabalho e ao fortalecimento da organiza\u00e7\u00e3o sindical.<\/p>\n<p>O documento tamb\u00e9m estabelece propostas para a sociedade, reafirmando o compromisso da entidade com a defesa da democracia, das empresas p\u00fablicas e de um modelo de desenvolvimento econ\u00f4mico com inclus\u00e3o social.<\/p>\n<p><strong><em>Veja as prioridades do Plano de Lutas aprovados no 7\u00ba Congresso da Contraf-CUT<\/em><\/strong><\/p>\n<p>\u2022\u00a0\u00a0\u00a0\u00a0\u00a0\u00a0\u00a0\u00a0\u00a0\u00a0\u00a0 Defesa do emprego, frente aos impactos das novas tecnologias<\/p>\n<p>\u2022\u00a0\u00a0\u00a0\u00a0\u00a0\u00a0\u00a0\u00a0\u00a0\u00a0\u00a0 Defesa da CCT e organiza\u00e7\u00e3o do ramo financeiro<\/p>\n<p>\u2022\u00a0\u00a0\u00a0\u00a0\u00a0\u00a0\u00a0\u00a0\u00a0\u00a0\u00a0 Intensificar a luta por sa\u00fade e condi\u00e7\u00f5es de trabalho<\/p>\n<p>\u2022\u00a0\u00a0\u00a0\u00a0\u00a0\u00a0\u00a0\u00a0\u00a0\u00a0\u00a0 Organiza\u00e7\u00e3o e forma\u00e7\u00e3o sindical<\/p>\n<p>\u2022\u00a0\u00a0\u00a0\u00a0\u00a0\u00a0\u00a0\u00a0\u00a0\u00a0\u00a0 Promo\u00e7\u00e3o da diversidade e constru\u00e7\u00e3o da igualdade<\/p>\n<p>\u2022\u00a0\u00a0\u00a0\u00a0\u00a0\u00a0\u00a0\u00a0\u00a0\u00a0\u00a0 Aprimoramento da comunica\u00e7\u00e3o com a base e a sociedade<\/p>\n<p>\u2022\u00a0\u00a0\u00a0\u00a0\u00a0\u00a0\u00a0\u00a0\u00a0\u00a0\u00a0 Fortalecimento do \u201cBasta! N\u00e3o ir\u00e3o nos Calar!\u201d e combate ao feminic\u00eddio<\/p>\n<p>\u2022\u00a0\u00a0\u00a0\u00a0\u00a0\u00a0\u00a0\u00a0\u00a0\u00a0\u00a0 Defesa dos bancos p\u00fablicos<\/p>\n<p>\u2022\u00a0\u00a0\u00a0\u00a0\u00a0\u00a0\u00a0\u00a0\u00a0\u00a0\u00a0 Defesa da democracia e elei\u00e7\u00f5es<\/p>\n<p>\u2022\u00a0\u00a0\u00a0\u00a0\u00a0\u00a0\u00a0\u00a0\u00a0\u00a0\u00a0 Redu\u00e7\u00e3o das taxas de juros \/ revoga\u00e7\u00e3o da falsa autonomia e fim da porta girat\u00f3ria no Banco Central<\/p>\n<p>\u2022\u00a0\u00a0\u00a0\u00a0\u00a0\u00a0\u00a0\u00a0\u00a0\u00a0\u00a0 Infraestrutura tecnol\u00f3gica soberana<\/p>\n<p>\u2022\u00a0\u00a0\u00a0\u00a0\u00a0\u00a0\u00a0\u00a0\u00a0\u00a0\u00a0 Sustentabilidade socioambiental<\/p>\n<p>\u2022\u00a0\u00a0\u00a0\u00a0\u00a0\u00a0\u00a0\u00a0\u00a0\u00a0\u00a0 Defesa do SUS e da Educa\u00e7\u00e3o P\u00fablica<\/p>\n<p>\u2022\u00a0\u00a0\u00a0\u00a0\u00a0\u00a0\u00a0\u00a0\u00a0\u00a0\u00a0 Trabalho Decente<\/p>\n<p>\u2022\u00a0\u00a0\u00a0\u00a0\u00a0\u00a0\u00a0\u00a0\u00a0\u00a0\u00a0 Seguran\u00e7a p\u00fablica<\/p>\n<p>\u2022\u00a0\u00a0\u00a0\u00a0\u00a0\u00a0\u00a0\u00a0\u00a0\u00a0\u00a0 Participa\u00e7\u00e3o em conselhos<\/p>\n<p>\u2022\u00a0\u00a0\u00a0\u00a0\u00a0\u00a0\u00a0\u00a0\u00a0\u00a0\u00a0 Trabalhar para que tenhamos um Congresso Nacional e Assembleias Legislativas que defendam os trabalhadores e n\u00e3o os super-ricos<\/p>\n<p><img fetchpriority=\"high\" decoding=\"async\" class=\"alignnone size-full wp-image-29667\" src=\"https:\/\/fetrafrjes.org.br\/wp-content\/uploads\/2026\/03\/dc767de2-3f3d-4bc4-bec2-2b3098c6eb57.jpeg\" sizes=\"(max-width: 1600px) 100vw, 1600px\" srcset=\"https:\/\/fetrafrjes.org.br\/wp-content\/uploads\/2026\/03\/dc767de2-3f3d-4bc4-bec2-2b3098c6eb57.jpeg 1600w, https:\/\/fetrafrjes.org.br\/wp-content\/uploads\/2026\/03\/dc767de2-3f3d-4bc4-bec2-2b3098c6eb57-600x400.jpeg 600w, https:\/\/fetrafrjes.org.br\/wp-content\/uploads\/2026\/03\/dc767de2-3f3d-4bc4-bec2-2b3098c6eb57-1024x682.jpeg 1024w, https:\/\/fetrafrjes.org.br\/wp-content\/uploads\/2026\/03\/dc767de2-3f3d-4bc4-bec2-2b3098c6eb57-768x512.jpeg 768w, https:\/\/fetrafrjes.org.br\/wp-content\/uploads\/2026\/03\/dc767de2-3f3d-4bc4-bec2-2b3098c6eb57-1536x1023.jpeg 1536w, https:\/\/fetrafrjes.org.br\/wp-content\/uploads\/2026\/03\/dc767de2-3f3d-4bc4-bec2-2b3098c6eb57-1200x800.jpeg 1200w\" alt=\"\" width=\"1600\" height=\"1066\" \/><\/p>\n<p><img decoding=\"async\" class=\"size-full wp-image-29668\" src=\"https:\/\/fetrafrjes.org.br\/wp-content\/uploads\/2026\/03\/IMG_5068.jpeg\" sizes=\"(max-width: 1206px) 100vw, 1206px\" srcset=\"https:\/\/fetrafrjes.org.br\/wp-content\/uploads\/2026\/03\/IMG_5068.jpeg 1206w, https:\/\/fetrafrjes.org.br\/wp-content\/uploads\/2026\/03\/IMG_5068-600x324.jpeg 600w, https:\/\/fetrafrjes.org.br\/wp-content\/uploads\/2026\/03\/IMG_5068-1024x553.jpeg 1024w, https:\/\/fetrafrjes.org.br\/wp-content\/uploads\/2026\/03\/IMG_5068-768x415.jpeg 768w, https:\/\/fetrafrjes.org.br\/wp-content\/uploads\/2026\/03\/IMG_5068-1200x648.jpeg 1200w\" alt=\"\" width=\"1206\" height=\"651\" \/><\/p>\n<p><img decoding=\"async\" class=\"alignnone size-full wp-image-29669\" src=\"https:\/\/fetrafrjes.org.br\/wp-content\/uploads\/2026\/03\/4fb57c0b-d31e-4e97-b164-20ff8c790fae.jpeg\" sizes=\"(max-width: 1122px) 100vw, 1122px\" srcset=\"https:\/\/fetrafrjes.org.br\/wp-content\/uploads\/2026\/03\/4fb57c0b-d31e-4e97-b164-20ff8c790fae.jpeg 1122w, https:\/\/fetrafrjes.org.br\/wp-content\/uploads\/2026\/03\/4fb57c0b-d31e-4e97-b164-20ff8c790fae-573x600.jpeg 573w, https:\/\/fetrafrjes.org.br\/wp-content\/uploads\/2026\/03\/4fb57c0b-d31e-4e97-b164-20ff8c790fae-978x1024.jpeg 978w, https:\/\/fetrafrjes.org.br\/wp-content\/uploads\/2026\/03\/4fb57c0b-d31e-4e97-b164-20ff8c790fae-768x804.jpeg 768w\" alt=\"\" width=\"1122\" height=\"1175\" \/><img loading=\"lazy\" decoding=\"async\" class=\"alignnone size-full wp-image-29670\" src=\"https:\/\/fetrafrjes.org.br\/wp-content\/uploads\/2026\/03\/DSC08710.jpeg\" sizes=\"(max-width: 2048px) 100vw, 2048px\" srcset=\"https:\/\/fetrafrjes.org.br\/wp-content\/uploads\/2026\/03\/DSC08710.jpeg 2048w, https:\/\/fetrafrjes.org.br\/wp-content\/uploads\/2026\/03\/DSC08710-600x400.jpeg 600w, https:\/\/fetrafrjes.org.br\/wp-content\/uploads\/2026\/03\/DSC08710-1024x683.jpeg 1024w, https:\/\/fetrafrjes.org.br\/wp-content\/uploads\/2026\/03\/DSC08710-768x512.jpeg 768w, https:\/\/fetrafrjes.org.br\/wp-content\/uploads\/2026\/03\/DSC08710-1536x1024.jpeg 1536w, https:\/\/fetrafrjes.org.br\/wp-content\/uploads\/2026\/03\/DSC08710-1200x800.jpeg 1200w, https:\/\/fetrafrjes.org.br\/wp-content\/uploads\/2026\/03\/DSC08710-1980x1320.jpeg 1980w\" alt=\"\" width=\"2048\" height=\"1365\" \/><img loading=\"lazy\" decoding=\"async\" class=\"alignnone size-full wp-image-29671\" src=\"https:\/\/fetrafrjes.org.br\/wp-content\/uploads\/2026\/03\/44acf480-76e1-4f94-b52d-efb3d6053faf.jpeg\" sizes=\"(max-width: 1600px) 100vw, 1600px\" srcset=\"https:\/\/fetrafrjes.org.br\/wp-content\/uploads\/2026\/03\/44acf480-76e1-4f94-b52d-efb3d6053faf.jpeg 1600w, https:\/\/fetrafrjes.org.br\/wp-content\/uploads\/2026\/03\/44acf480-76e1-4f94-b52d-efb3d6053faf-600x400.jpeg 600w, https:\/\/fetrafrjes.org.br\/wp-content\/uploads\/2026\/03\/44acf480-76e1-4f94-b52d-efb3d6053faf-1024x682.jpeg 1024w, https:\/\/fetrafrjes.org.br\/wp-content\/uploads\/2026\/03\/44acf480-76e1-4f94-b52d-efb3d6053faf-768x512.jpeg 768w, https:\/\/fetrafrjes.org.br\/wp-content\/uploads\/2026\/03\/44acf480-76e1-4f94-b52d-efb3d6053faf-1536x1023.jpeg 1536w, https:\/\/fetrafrjes.org.br\/wp-content\/uploads\/2026\/03\/44acf480-76e1-4f94-b52d-efb3d6053faf-1200x800.jpeg 1200w\" alt=\"\" width=\"1600\" height=\"1066\" \/><\/p>\n<p><img loading=\"lazy\" decoding=\"async\" class=\"size-full wp-image-29672\" src=\"https:\/\/fetrafrjes.org.br\/wp-content\/uploads\/2026\/03\/IMG_5066.jpeg\" sizes=\"(max-width: 1206px) 100vw, 1206px\" srcset=\"https:\/\/fetrafrjes.org.br\/wp-content\/uploads\/2026\/03\/IMG_5066.jpeg 1206w, https:\/\/fetrafrjes.org.br\/wp-content\/uploads\/2026\/03\/IMG_5066-600x325.jpeg 600w, https:\/\/fetrafrjes.org.br\/wp-content\/uploads\/2026\/03\/IMG_5066-1024x554.jpeg 1024w, https:\/\/fetrafrjes.org.br\/wp-content\/uploads\/2026\/03\/IMG_5066-768x416.jpeg 768w, https:\/\/fetrafrjes.org.br\/wp-content\/uploads\/2026\/03\/IMG_5066-1200x650.jpeg 1200w\" alt=\"\" width=\"1206\" height=\"653\" \/><\/p>\n<p><img loading=\"lazy\" decoding=\"async\" class=\"size-full wp-image-29673\" src=\"https:\/\/fetrafrjes.org.br\/wp-content\/uploads\/2026\/03\/IMG_5065.jpeg\" sizes=\"(max-width: 1206px) 100vw, 1206px\" srcset=\"https:\/\/fetrafrjes.org.br\/wp-content\/uploads\/2026\/03\/IMG_5065.jpeg 1206w, https:\/\/fetrafrjes.org.br\/wp-content\/uploads\/2026\/03\/IMG_5065-600x498.jpeg 600w, https:\/\/fetrafrjes.org.br\/wp-content\/uploads\/2026\/03\/IMG_5065-1024x850.jpeg 1024w, https:\/\/fetrafrjes.org.br\/wp-content\/uploads\/2026\/03\/IMG_5065-768x637.jpeg 768w, https:\/\/fetrafrjes.org.br\/wp-content\/uploads\/2026\/03\/IMG_5065-1200x996.jpeg 1200w\" alt=\"\" width=\"1206\" height=\"1001\" \/><\/p>\n<p><img loading=\"lazy\" decoding=\"async\" class=\"alignnone size-full wp-image-29674\" src=\"https:\/\/fetrafrjes.org.br\/wp-content\/uploads\/2026\/03\/GUI00289.jpeg\" sizes=\"(max-width: 2048px) 100vw, 2048px\" srcset=\"https:\/\/fetrafrjes.org.br\/wp-content\/uploads\/2026\/03\/GUI00289.jpeg 2048w, https:\/\/fetrafrjes.org.br\/wp-content\/uploads\/2026\/03\/GUI00289-600x400.jpeg 600w, https:\/\/fetrafrjes.org.br\/wp-content\/uploads\/2026\/03\/GUI00289-1024x683.jpeg 1024w, https:\/\/fetrafrjes.org.br\/wp-content\/uploads\/2026\/03\/GUI00289-768x512.jpeg 768w, https:\/\/fetrafrjes.org.br\/wp-content\/uploads\/2026\/03\/GUI00289-1536x1024.jpeg 1536w, https:\/\/fetrafrjes.org.br\/wp-content\/uploads\/2026\/03\/GUI00289-1200x800.jpeg 1200w, https:\/\/fetrafrjes.org.br\/wp-content\/uploads\/2026\/03\/GUI00289-1980x1320.jpeg 1980w\" alt=\"\" width=\"2048\" height=\"1365\" \/><img loading=\"lazy\" decoding=\"async\" class=\"alignnone size-full wp-image-29675\" src=\"https:\/\/fetrafrjes.org.br\/wp-content\/uploads\/2026\/03\/GUI00286.jpeg\" sizes=\"(max-width: 2048px) 100vw, 2048px\" srcset=\"https:\/\/fetrafrjes.org.br\/wp-content\/uploads\/2026\/03\/GUI00286.jpeg 2048w, https:\/\/fetrafrjes.org.br\/wp-content\/uploads\/2026\/03\/GUI00286-600x400.jpeg 600w, https:\/\/fetrafrjes.org.br\/wp-content\/uploads\/2026\/03\/GUI00286-1024x683.jpeg 1024w, https:\/\/fetrafrjes.org.br\/wp-content\/uploads\/2026\/03\/GUI00286-768x512.jpeg 768w, https:\/\/fetrafrjes.org.br\/wp-content\/uploads\/2026\/03\/GUI00286-1536x1024.jpeg 1536w, https:\/\/fetrafrjes.org.br\/wp-content\/uploads\/2026\/03\/GUI00286-1200x800.jpeg 1200w, https:\/\/fetrafrjes.org.br\/wp-content\/uploads\/2026\/03\/GUI00286-1980x1320.jpeg 1980w\" alt=\"\" width=\"2048\" height=\"1365\" \/><img loading=\"lazy\" decoding=\"async\" class=\"alignnone size-full wp-image-29676\" src=\"https:\/\/fetrafrjes.org.br\/wp-content\/uploads\/2026\/03\/GUI00296.jpeg\" sizes=\"(max-width: 2048px) 100vw, 2048px\" srcset=\"https:\/\/fetrafrjes.org.br\/wp-content\/uploads\/2026\/03\/GUI00296.jpeg 2048w, https:\/\/fetrafrjes.org.br\/wp-content\/uploads\/2026\/03\/GUI00296-600x400.jpeg 600w, https:\/\/fetrafrjes.org.br\/wp-content\/uploads\/2026\/03\/GUI00296-1024x683.jpeg 1024w, https:\/\/fetrafrjes.org.br\/wp-content\/uploads\/2026\/03\/GUI00296-768x512.jpeg 768w, https:\/\/fetrafrjes.org.br\/wp-content\/uploads\/2026\/03\/GUI00296-1536x1024.jpeg 1536w, https:\/\/fetrafrjes.org.br\/wp-content\/uploads\/2026\/03\/GUI00296-1200x800.jpeg 1200w, https:\/\/fetrafrjes.org.br\/wp-content\/uploads\/2026\/03\/GUI00296-1980x1320.jpeg 1980w\" alt=\"\" width=\"2048\" height=\"1365\" \/><\/p>\n<p><img decoding=\"async\" src=\"https:\/\/contrafcut.com.br\/data\/files\/79\/13\/0B\/21\/5602D910D43D4EC9820808A8\/WhatsApp%20Image%202026-03-24%20at%2012.03.40.jpeg\" alt=\"Imagem ilustrativa\" \/><\/p>\n<\/div>\n<\/div>\n<\/div>\n<\/div>\n<\/div>\n<\/div>\n<\/div>\n<\/section>\n<\/div>\n<\/div>\n<div class=\"elementor elementor-12132 elementor-location-footer\" data-elementor-type=\"footer\" data-elementor-id=\"12132\" data-elementor-settings=\"[]\">\n<div class=\"elementor-section-wrap\">\n<section class=\"elementor-section elementor-top-section elementor-element elementor-element-278ec55 elementor-section-boxed elementor-section-height-default elementor-section-height-default\" data-id=\"278ec55\" data-element_type=\"section\" data-settings=\"{&quot;background_background&quot;:&quot;classic&quot;}\">\n<div class=\"elementor-container elementor-column-gap-default\">\n<div class=\"elementor-row\">\n<div class=\"elementor-column elementor-col-33 elementor-top-column elementor-element elementor-element-b87845a\" data-id=\"b87845a\" data-element_type=\"column\">\n<div class=\"elementor-column-wrap elementor-element-populated\">\n<div class=\"elementor-widget-wrap\">\n<div class=\"elementor-element elementor-element-82c3518 elementor-widget elementor-widget-image\" data-id=\"82c3518\" data-element_type=\"widget\" data-widget_type=\"image.default\">\n<div class=\"elementor-widget-container\">\n<div class=\"elementor-image\">\u00a0<\/div>\n<\/div>\n<\/div>\n<\/div>\n<\/div>\n<\/div>\n<\/div>\n<\/div>\n<\/section>\n<\/div>\n<\/div>\n<p>\u00a0<\/p>\n","protected":false},"excerpt":{"rendered":"<p>De 27 a 29 de mar\u00e7o, foi realizado\u00a0o\u00a07\u00ba Congresso\u00a0da\u00a0Confedera\u00e7\u00e3o Nacional dos Trabalhadores e das Trabalhadoras do Ramo Financeiro (Contraf\u2013CUT), na cidade do Guaruj\u00e1 (SP). O evento, que teve como slogan\u00a0Organizar, defender e avan\u00e7ar: o futuro \u00e9 nosso!, contou com a participa\u00e7\u00e3o de uma\u00a0delega\u00e7\u00e3o\u00a0da Federa\u00e7\u00e3o dos Trabalhadores do Ramo Financeiro dos Estados do Rio de Janeiro [&hellip;]<\/p>\n","protected":false},"author":2,"featured_media":17085,"comment_status":"","ping_status":"","sticky":false,"template":"","format":"standard","meta":{"footnotes":""},"categories":[3],"tags":[],"class_list":["post-17086","post","type-post","status-publish","format-standard","has-post-thumbnail","hentry","category-noticias"],"_links":{"self":[{"href":"https:\/\/hostnetart.com.br\/baixada\/wp-json\/wp\/v2\/posts\/17086","targetHints":{"allow":["GET"]}}],"collection":[{"href":"https:\/\/hostnetart.com.br\/baixada\/wp-json\/wp\/v2\/posts"}],"about":[{"href":"https:\/\/hostnetart.com.br\/baixada\/wp-json\/wp\/v2\/types\/post"}],"author":[{"embeddable":true,"href":"https:\/\/hostnetart.com.br\/baixada\/wp-json\/wp\/v2\/users\/2"}],"replies":[{"embeddable":true,"href":"https:\/\/hostnetart.com.br\/baixada\/wp-json\/wp\/v2\/comments?post=17086"}],"version-history":[{"count":0,"href":"https:\/\/hostnetart.com.br\/baixada\/wp-json\/wp\/v2\/posts\/17086\/revisions"}],"wp:featuredmedia":[{"embeddable":true,"href":"https:\/\/hostnetart.com.br\/baixada\/wp-json\/wp\/v2\/media\/17085"}],"wp:attachment":[{"href":"https:\/\/hostnetart.com.br\/baixada\/wp-json\/wp\/v2\/media?parent=17086"}],"wp:term":[{"taxonomy":"category","embeddable":true,"href":"https:\/\/hostnetart.com.br\/baixada\/wp-json\/wp\/v2\/categories?post=17086"},{"taxonomy":"post_tag","embeddable":true,"href":"https:\/\/hostnetart.com.br\/baixada\/wp-json\/wp\/v2\/tags?post=17086"}],"curies":[{"name":"wp","href":"https:\/\/api.w.org\/{rel}","templated":true}]}}