{"id":17084,"date":"2026-03-26T13:48:42","date_gmt":"2026-03-26T16:48:42","guid":{"rendered":"https:\/\/hostnetart.com.br\/baixada\/curso-paternidade-e-maternidade-com-relacoes-compartilhadas-abertas-inscricoes-para-turma-de-abril\/"},"modified":"2026-03-26T13:48:42","modified_gmt":"2026-03-26T16:48:42","slug":"curso-paternidade-e-maternidade-com-relacoes-compartilhadas-abertas-inscricoes-para-turma-de-abril","status":"publish","type":"post","link":"https:\/\/hostnetart.com.br\/baixada\/curso-paternidade-e-maternidade-com-relacoes-compartilhadas-abertas-inscricoes-para-turma-de-abril\/","title":{"rendered":"Curso Paternidade e Maternidade com Rela\u00e7\u00f5es Compartilhadas: abertas inscri\u00e7\u00f5es para turma de abril"},"content":{"rendered":"<p>Est\u00e3o abertas as inscri\u00e7\u00f5es para a turma de abril do curso &#8220;Paternidade e Maternidade com Rela\u00e7\u00f5es Compartilhadas&#8221;. <strong>Papais e mam\u00e3es interessados de qualquer parte do pa\u00eds podem participar, isso porque, al\u00e9m de ao vivo, as aulas ser\u00e3o totalmente online, nos dias 13, 14, 15 e 16, das 19h30 \u00e0s 21h30<\/strong>.<\/p>\n<p><a href=\"https:\/\/loja.spbancarios.com.br\/produto\/paternidade-responsavel\/?_gl=1*5q4l86*_gcl_au*MTI4NTQ2NzQ0LjE3NzIwMjUzODI.*_ga*MzI4ODk4NjMxLjE3MDU5Mjk1NjM.*_ga_T1YR283R0X*czE3NzQ0NDgzMjAkbzQ1JGcxJHQxNzc0NDQ4Mzg5JGo2MCRsMCRoMA..\" target=\"_blank\" rel=\"noopener noreferrer\"><strong>Clique aqui <\/strong><\/a>e fa\u00e7a sua inscri\u00e7\u00e3o.<\/p>\n<p>O curso, realizado pelo Centro de Forma\u00e7\u00e3o Profissional 28 de Agosto, \u00e9 para todos os p\u00fablicos, mas tamb\u00e9m \u00e9 pr\u00e9-requisito para que os banc\u00e1rios tenham direito \u00e0 licen\u00e7a paternidade ampliada de 20 dias. A conquista obtida pela categoria em Campanha Nacional, entretanto, \u00e9 regra apenas para alguns bancos.<\/p>\n<p><strong>O valor do investimento para o p\u00fablico em geral \u00e9 R$ 280, mas banc\u00e1rios\/banc\u00e1rias e financi\u00e1rios\/financi\u00e1rias s\u00f3cios de sindicatos filiados \u00e0 Contraf-CUT pagam apenas R$ 180<\/strong>.<\/p>\n<p>As aulas s\u00e3o expositivas, com tempo para coment\u00e1rios, perguntas e debates. Os alunos tamb\u00e9m recebem indica\u00e7\u00f5es de refer\u00eancias bibliogr\u00e1ficas e filmogr\u00e1ficas usadas no curso.<\/p>\n<h2>O que voc\u00ea ir\u00e1 aprender?<\/h2>\n<p>Al\u00e9m de cuidados pr\u00e1ticos com o rec\u00e9m-nascido, como o pr\u00e9-parto, banho, troca de fraldas, amamenta\u00e7\u00e3o, manobras de desengasgo, respeito \u00e0 condi\u00e7\u00e3o biol\u00f3gica e psicol\u00f3gica da mulher, as alunas e os alunos ter\u00e3o aulas sobre educar, contato das crian\u00e7as com telas, qual o sentido de colocar limites e o redimensionamento do papel dos pais na sociedade contempor\u00e2nea.<\/p>\n<p>Veja a programa\u00e7\u00e3o completa do curso:<\/p>\n<p><strong>Aula 1 \u2013 Paternidade e os desafios para a fam\u00edlia<\/strong><\/p>\n<ul>\n<li>Acolhida dos participantes e apresenta\u00e7\u00e3o geral do curso<\/li>\n<li>Abordagem psicol\u00f3gica sobre o momento na vida do pai<\/li>\n<li>Desafios para a fam\u00edlia com a chegada de um novo membro<\/li>\n<li>Depress\u00e3o p\u00f3s-parto e seus efeitos<\/li>\n<li>Respeito \u00e0 condi\u00e7\u00e3o biol\u00f3gica e psicol\u00f3gica da mulher<\/li>\n<li>Bater funciona?<\/li>\n<li>O contato das crian\u00e7as com as telas<\/li>\n<\/ul>\n<p><strong>Aula 2 \u2013 O ato de educar: pais e m\u00e3es comprometidos<\/strong><\/p>\n<ul>\n<li>O que \u00e9 Educa\u00e7\u00e3o<\/li>\n<li>Qual o papel do pai na educa\u00e7\u00e3o da crian\u00e7a<\/li>\n<li>Qual a intera\u00e7\u00e3o necess\u00e1ria entre pai e m\u00e3e na condu\u00e7\u00e3o do processo educativo da crian\u00e7a?<\/li>\n<li>Quais os sentidos de colocar limites e fazer combinados com uma crian\u00e7a?<\/li>\n<li>Como o tempo e a qualidade do tempo pode interferir na educa\u00e7\u00e3o<\/li>\n<\/ul>\n<p><strong>Aula 3 \u2013 Cuidados pr\u00e1ticos com o rec\u00e9m-nascido<\/strong><\/p>\n<ul>\n<li>Pr\u00e9-parto e dia do parto<\/li>\n<li>Banho<\/li>\n<li>Troca de fraldas<\/li>\n<li>Amamenta\u00e7\u00e3o e p\u00f3s-mamada<\/li>\n<li>Manobras de desengasgo<\/li>\n<li>Como carregar<\/li>\n<li>Como colocar para dormir<\/li>\n<li>Outras orienta\u00e7\u00f5es<\/li>\n<\/ul>\n<p><strong>Aula 4 \u2013 Rela\u00e7\u00f5es contempor\u00e2neas e o redimensionamento do papel dos pais<\/strong><\/p>\n<p>Di\u00e1logo sobre o papel do homem e da mulher na sociedade contempor\u00e2nea. A paternidade como uma grande oportunidade de potencializar o desenvolvimento da crian\u00e7a e de uma fam\u00edlia com mais equidade.<\/p>\n<p><em>Fonte: Contraf-CUT<\/em><\/p>\n","protected":false},"excerpt":{"rendered":"<p>Est\u00e3o abertas as inscri\u00e7\u00f5es para a turma de abril do curso &#8220;Paternidade e Maternidade com Rela\u00e7\u00f5es Compartilhadas&#8221;. Papais e mam\u00e3es interessados de qualquer parte do pa\u00eds podem participar, isso porque, al\u00e9m de ao vivo, as aulas ser\u00e3o totalmente online, nos dias 13, 14, 15 e 16, das 19h30 \u00e0s 21h30. Clique aqui e fa\u00e7a sua [&hellip;]<\/p>\n","protected":false},"author":2,"featured_media":17083,"comment_status":"","ping_status":"","sticky":false,"template":"","format":"standard","meta":{"footnotes":""},"categories":[3],"tags":[],"class_list":["post-17084","post","type-post","status-publish","format-standard","has-post-thumbnail","hentry","category-noticias"],"_links":{"self":[{"href":"https:\/\/hostnetart.com.br\/baixada\/wp-json\/wp\/v2\/posts\/17084","targetHints":{"allow":["GET"]}}],"collection":[{"href":"https:\/\/hostnetart.com.br\/baixada\/wp-json\/wp\/v2\/posts"}],"about":[{"href":"https:\/\/hostnetart.com.br\/baixada\/wp-json\/wp\/v2\/types\/post"}],"author":[{"embeddable":true,"href":"https:\/\/hostnetart.com.br\/baixada\/wp-json\/wp\/v2\/users\/2"}],"replies":[{"embeddable":true,"href":"https:\/\/hostnetart.com.br\/baixada\/wp-json\/wp\/v2\/comments?post=17084"}],"version-history":[{"count":0,"href":"https:\/\/hostnetart.com.br\/baixada\/wp-json\/wp\/v2\/posts\/17084\/revisions"}],"wp:featuredmedia":[{"embeddable":true,"href":"https:\/\/hostnetart.com.br\/baixada\/wp-json\/wp\/v2\/media\/17083"}],"wp:attachment":[{"href":"https:\/\/hostnetart.com.br\/baixada\/wp-json\/wp\/v2\/media?parent=17084"}],"wp:term":[{"taxonomy":"category","embeddable":true,"href":"https:\/\/hostnetart.com.br\/baixada\/wp-json\/wp\/v2\/categories?post=17084"},{"taxonomy":"post_tag","embeddable":true,"href":"https:\/\/hostnetart.com.br\/baixada\/wp-json\/wp\/v2\/tags?post=17084"}],"curies":[{"name":"wp","href":"https:\/\/api.w.org\/{rel}","templated":true}]}}