{"id":17082,"date":"2026-03-25T14:30:08","date_gmt":"2026-03-25T17:30:08","guid":{"rendered":"https:\/\/hostnetart.com.br\/baixada\/sindicato-dos-bancarios-da-baixada-fluminense-reintegra-funcionaria-do-itau-3\/"},"modified":"2026-03-25T14:30:08","modified_gmt":"2026-03-25T17:30:08","slug":"sindicato-dos-bancarios-da-baixada-fluminense-reintegra-funcionaria-do-itau-3","status":"publish","type":"post","link":"https:\/\/hostnetart.com.br\/baixada\/sindicato-dos-bancarios-da-baixada-fluminense-reintegra-funcionaria-do-itau-3\/","title":{"rendered":"Sindicato dos Banc\u00e1rios da Baixada Fluminense reintegra funcion\u00e1ria do Ita\u00fa"},"content":{"rendered":"<p>Nesta \u00faltima ter\u00e7a-feira, 24 de mar\u00e7o, o Sindicato dos Banc\u00e1rios da Baixada Fluminense reintegrou mais uma funcion\u00e1ria do Banco Ita\u00fa.<\/p>\n<p>Elisa Campos da Silva, da ag\u00eancia 8166 (Dom Walmor) foi demitida, por dispensa sem justa causa, em dezembro de 2024, com proje\u00e7\u00e3o do aviso pr\u00e9vio indenizado para janeiro 2025, ocupando a fun\u00e7\u00e3o de Agente de Neg\u00f3cios.<\/p>\n<p>Sendo reintegrada, em raz\u00e3o de doen\u00e7a ocupacional reconhecida pelo INSS, com todos os seus direitos restabelecidos.<\/p>\n<p>Elisa \u00e9 sindicalizada e teve o suporte e atendimento do Departamento Jur\u00eddico do Sindicato, atrav\u00e9s do advogado Luiz Paulo, do Escrit\u00f3rio Baptista &amp; Reis Advogados Associados, e pelo Departamento de Sa\u00fade.<\/p>\n<p>A reintegra\u00e7\u00e3o foi acompanhada pela Coordenadora Geral Renata Soeiro.<\/p>\n<\/p>\n<p><strong>IMPORTANTE<\/strong><\/p>\n<p>\u00c9 fundamental que banc\u00e1rias e banc\u00e1rios, logo que sejam informados de suas demiss\u00f5es, procurem imediatamente atendimento no Sindicato.<\/p>\n<p><b>ATENDIMENTO JUR\u00cdDICO PRESENCIAL<\/b><\/p>\n<p>Nova Igua\u00e7u\u00a0&#8211; \u00e0s\u00a0<em><strong>ter\u00e7as-feiras<\/strong><\/em>, das 11 horas\u00a0<span dir=\"ltr\">\u00e0 13 horas\u00a0<\/span>e das 14 horas \u00e0s 17 horas (telefone:\u00a0<span dir=\"ltr\"><a href=\"tel:21 \/ 2658-8041\">21 \/ 2658-8041<\/a><\/span>)<\/p>\n<p>Duque de Caxias\u00a0&#8211; \u00e0s\u00a0<strong><em>quintas-feiras<\/em><\/strong>, das 10 horas \u00e0s 13 horas (telefone:\u00a0<span dir=\"ltr\"><a href=\"tel:21 \/ 26710-110\">21 \/ 26710-110<\/a><\/span>)<\/p>\n<p><b>SINDICALIZE-SE!<\/b><\/p>\n","protected":false},"excerpt":{"rendered":"<p>Nesta \u00faltima ter\u00e7a-feira, 24 de mar\u00e7o, o Sindicato dos Banc\u00e1rios da Baixada Fluminense reintegrou mais uma funcion\u00e1ria do Banco Ita\u00fa. Elisa Campos da Silva, da ag\u00eancia 8166 (Dom Walmor) foi demitida, por dispensa sem justa causa, em dezembro de 2024, com proje\u00e7\u00e3o do aviso pr\u00e9vio indenizado para janeiro 2025, ocupando a fun\u00e7\u00e3o de Agente de [&hellip;]<\/p>\n","protected":false},"author":2,"featured_media":17081,"comment_status":"","ping_status":"","sticky":false,"template":"","format":"standard","meta":{"footnotes":""},"categories":[3],"tags":[],"class_list":["post-17082","post","type-post","status-publish","format-standard","has-post-thumbnail","hentry","category-noticias"],"_links":{"self":[{"href":"https:\/\/hostnetart.com.br\/baixada\/wp-json\/wp\/v2\/posts\/17082","targetHints":{"allow":["GET"]}}],"collection":[{"href":"https:\/\/hostnetart.com.br\/baixada\/wp-json\/wp\/v2\/posts"}],"about":[{"href":"https:\/\/hostnetart.com.br\/baixada\/wp-json\/wp\/v2\/types\/post"}],"author":[{"embeddable":true,"href":"https:\/\/hostnetart.com.br\/baixada\/wp-json\/wp\/v2\/users\/2"}],"replies":[{"embeddable":true,"href":"https:\/\/hostnetart.com.br\/baixada\/wp-json\/wp\/v2\/comments?post=17082"}],"version-history":[{"count":0,"href":"https:\/\/hostnetart.com.br\/baixada\/wp-json\/wp\/v2\/posts\/17082\/revisions"}],"wp:featuredmedia":[{"embeddable":true,"href":"https:\/\/hostnetart.com.br\/baixada\/wp-json\/wp\/v2\/media\/17081"}],"wp:attachment":[{"href":"https:\/\/hostnetart.com.br\/baixada\/wp-json\/wp\/v2\/media?parent=17082"}],"wp:term":[{"taxonomy":"category","embeddable":true,"href":"https:\/\/hostnetart.com.br\/baixada\/wp-json\/wp\/v2\/categories?post=17082"},{"taxonomy":"post_tag","embeddable":true,"href":"https:\/\/hostnetart.com.br\/baixada\/wp-json\/wp\/v2\/tags?post=17082"}],"curies":[{"name":"wp","href":"https:\/\/api.w.org\/{rel}","templated":true}]}}