{"id":17074,"date":"2026-03-18T21:33:25","date_gmt":"2026-03-19T00:33:25","guid":{"rendered":"https:\/\/hostnetart.com.br\/baixada\/bancarios-da-baixada-fluminense-elegem-nova-diretoria\/"},"modified":"2026-03-18T21:33:25","modified_gmt":"2026-03-19T00:33:25","slug":"bancarios-da-baixada-fluminense-elegem-nova-diretoria","status":"publish","type":"post","link":"https:\/\/hostnetart.com.br\/baixada\/bancarios-da-baixada-fluminense-elegem-nova-diretoria\/","title":{"rendered":"Banc\u00e1rios da Baixada Fluminense elegem nova diretoria"},"content":{"rendered":"<p>A\u00a0<strong>Chapa 1 &#8211; Unidade na Luta<\/strong>\u00a0foi eleita com 98,5% dos votos v\u00e1lidos e estar\u00e1 \u00e0 frente da dire\u00e7\u00e3o do Sindicato dos Banc\u00e1rios da Baixada Fluminense, pelos pr\u00f3ximos quatro anos.<\/p>\n<p>A nova diretoria ter\u00e1 a miss\u00e3o de representar banc\u00e1rias e banc\u00e1rios dos munic\u00edpios de\u00a0Duque de Caxias, Nova Igua\u00e7u, Mag\u00e9, Japeri, Nil\u00f3polis, Mesquita, Queimados, Guapimirim, Belford Roxo e S\u00e3o Jo\u00e3o de Meriti.<\/p>\n<p>O pleito, que ocorreu nos dias 17 e 18 de mar\u00e7o de 2026, teve grande participa\u00e7\u00e3o de banc\u00e1rias e banc\u00e1rios.<\/p>\n<p>Prezar pela sa\u00fade e condi\u00e7\u00f5es de trabalho, acompanhar as transforma\u00e7\u00f5es do sistema financeiro, do avan\u00e7o da Intelig\u00eancia Artificial, do crescimento dos bancos digitais, al\u00e9m do combate \u00e0s demiss\u00f5es e fechamento de ag\u00eancias, est\u00e3o entre as prioridades da\u00a0<strong>Chapa<\/strong>\u00a0<strong>1<\/strong>.<\/p>\n<p><strong>\u00a0<\/strong><\/p>\n<p><strong>NOVA DIRETORIA<\/strong><\/p>\n<p><strong>Coordena\u00e7\u00e3o Geral:<\/strong><\/p>\n<ul>\n<li>Pedro Batista Fraga Henriques\u00a0<\/li>\n<li>Jos\u00e9 La\u00e9rcio Pinto de Oliveira\u00a0<\/li>\n<li>Renata Macedo Soeiro\u00a0<\/li>\n<\/ul>\n<p><strong>Secretaria de Organiza\u00e7\u00e3o:<\/strong><\/p>\n<ul>\n<li>Newton Andrade Fran\u00e7a<\/li>\n<\/ul>\n<p><strong>Secretaria de Administra\u00e7\u00e3o:<\/strong><\/p>\n<ul>\n<li>Roberto Domingos de Paula<br \/>\u00b7 R\u00fabio Barros Araujo<\/li>\n<\/ul>\n<p><strong>Secretaria Jur\u00eddica:<\/strong><\/p>\n<ul>\n<li>Claudio Leite Leal<\/li>\n<\/ul>\n<p><strong>Secretaria de Imprensa:<\/strong><\/p>\n<ul>\n<li>Os\u00e9ias Andr\u00e9 Herculano<br \/>\u00b7 Solange Ribeiro Viana<\/li>\n<\/ul>\n<p><strong>Secretaria de Esporte, Cultura e Lazer:<\/strong><\/p>\n<ul>\n<li>Ricardo Santos de S\u00e1<\/li>\n<\/ul>\n<p><strong>Secretaria de Rela\u00e7\u00f5es Sindicais:<\/strong><\/p>\n<ul>\n<li>Marcelo de Oliveira Silva<br \/>\u00b7 Gentil Nogueira Ramos<\/li>\n<\/ul>\n<p><strong>Secretaria de Sa\u00fade e Seguran\u00e7a do Trabalho:<\/strong><\/p>\n<ul>\n<li>Ros\u00e2ngela da Costa Gon\u00e7alves<\/li>\n<\/ul>\n<p><strong>Secretaria de Forma\u00e7\u00e3o:<\/strong><\/p>\n<ul>\n<li>Di\u00e1las Coelho Filho<\/li>\n<\/ul>\n<p><strong>Diretores<\/strong>:<\/p>\n<ul>\n<li>Astrogildo Martins,\u00a0Milene Priegue,\u00a0Andr\u00e9 Fagundes,\u00a0Jo\u00e3o Marcelo Pimentel,\u00a0Marco Ant\u00f4nio Luiz dos Santos,\u00a0Elizabeth Paradela,\u00a0Eliane de Castro,\u00a0Jefferson Maia,\u00a0Alexandro Pra\u00e7a,\u00a0Evandro Passeri,\u00a0Fernando Correia de S\u00e1,\u00a0Gilmar Lemos,\u00a0Glaucia Cristina Borges,\u00a0Jackson da Silva,\u00a0M\u00e1rcio Sarmento e\u00a0Vander Alexandre.<\/li>\n<\/ul>\n","protected":false},"excerpt":{"rendered":"<p>A\u00a0Chapa 1 &#8211; Unidade na Luta\u00a0foi eleita com 98,5% dos votos v\u00e1lidos e estar\u00e1 \u00e0 frente da dire\u00e7\u00e3o do Sindicato dos Banc\u00e1rios da Baixada Fluminense, pelos pr\u00f3ximos quatro anos. A nova diretoria ter\u00e1 a miss\u00e3o de representar banc\u00e1rias e banc\u00e1rios dos munic\u00edpios de\u00a0Duque de Caxias, Nova Igua\u00e7u, Mag\u00e9, Japeri, Nil\u00f3polis, Mesquita, Queimados, Guapimirim, Belford Roxo [&hellip;]<\/p>\n","protected":false},"author":2,"featured_media":17073,"comment_status":"","ping_status":"","sticky":false,"template":"","format":"standard","meta":{"footnotes":""},"categories":[3],"tags":[],"class_list":["post-17074","post","type-post","status-publish","format-standard","has-post-thumbnail","hentry","category-noticias"],"_links":{"self":[{"href":"https:\/\/hostnetart.com.br\/baixada\/wp-json\/wp\/v2\/posts\/17074","targetHints":{"allow":["GET"]}}],"collection":[{"href":"https:\/\/hostnetart.com.br\/baixada\/wp-json\/wp\/v2\/posts"}],"about":[{"href":"https:\/\/hostnetart.com.br\/baixada\/wp-json\/wp\/v2\/types\/post"}],"author":[{"embeddable":true,"href":"https:\/\/hostnetart.com.br\/baixada\/wp-json\/wp\/v2\/users\/2"}],"replies":[{"embeddable":true,"href":"https:\/\/hostnetart.com.br\/baixada\/wp-json\/wp\/v2\/comments?post=17074"}],"version-history":[{"count":0,"href":"https:\/\/hostnetart.com.br\/baixada\/wp-json\/wp\/v2\/posts\/17074\/revisions"}],"wp:featuredmedia":[{"embeddable":true,"href":"https:\/\/hostnetart.com.br\/baixada\/wp-json\/wp\/v2\/media\/17073"}],"wp:attachment":[{"href":"https:\/\/hostnetart.com.br\/baixada\/wp-json\/wp\/v2\/media?parent=17074"}],"wp:term":[{"taxonomy":"category","embeddable":true,"href":"https:\/\/hostnetart.com.br\/baixada\/wp-json\/wp\/v2\/categories?post=17074"},{"taxonomy":"post_tag","embeddable":true,"href":"https:\/\/hostnetart.com.br\/baixada\/wp-json\/wp\/v2\/tags?post=17074"}],"curies":[{"name":"wp","href":"https:\/\/api.w.org\/{rel}","templated":true}]}}