{"id":17066,"date":"2026-03-11T15:02:45","date_gmt":"2026-03-11T18:02:45","guid":{"rendered":"https:\/\/hostnetart.com.br\/baixada\/fabiana-uehara-esta-no-segundo-turno-da-eleicao-para-o-ca-da-caixa-2\/"},"modified":"2026-03-11T15:02:45","modified_gmt":"2026-03-11T18:02:45","slug":"fabiana-uehara-esta-no-segundo-turno-da-eleicao-para-o-ca-da-caixa-2","status":"publish","type":"post","link":"https:\/\/hostnetart.com.br\/baixada\/fabiana-uehara-esta-no-segundo-turno-da-eleicao-para-o-ca-da-caixa-2\/","title":{"rendered":"Fabiana Uehara est\u00e1 no segundo turno da elei\u00e7\u00e3o para o CA da Caixa"},"content":{"rendered":"<p>\u00a0<\/p>\n<p>A elei\u00e7\u00e3o para escolha da representante ou representante das empregadas e empregados no Conselho de Administra\u00e7\u00e3o (CA) da Caixa Econ\u00f4mica Federal ter\u00e1 segundo turno. A nova vota\u00e7\u00e3o ser\u00e1 realizada entre os dias 18 e 20 de mar\u00e7o e definir\u00e1 quem ocupar\u00e1 a vaga destinada \u00e0 representa\u00e7\u00e3o dos trabalhadores no principal \u00f3rg\u00e3o de governan\u00e7a do banco. A Contraf-CUT apoia a reelei\u00e7\u00e3o de Fabiana Uehara.<\/p>\n<p>A atual conselheira eleita pelos empregados, Fabiana Uehara, vai disputar o segundo turno com Sandro Brito. Como nenhum dos candidatos atingiu a maioria absoluta dos votos v\u00e1lidos, o processo eleitoral segue para a segunda etapa, conforme as regras da elei\u00e7\u00e3o.<\/p>\n<p>Para o diretor da Confedera\u00e7\u00e3o Nacional dos Trabalhadores do Ramo Financeiro (Contraf-CUT) e empregado da Caixa, Rafael de Castro, o segundo turno \u00e9 o momento de ampliar a mobiliza\u00e7\u00e3o entre os colegas de trabalho. \u201cAgora \u00e9 hora de mobiliza\u00e7\u00e3o. Um n\u00famero muito grande de empregadas e empregados deixou de votar no primeiro turno. Quem votou na Fabi no primeiro turno precisa conversar com os colegas e pedir mais um voto para fortalecer essa representa\u00e7\u00e3o no Conselho de Administra\u00e7\u00e3o\u201d, disse. \u201cEsse segundo turno ser\u00e1 importante para mostrarmos quem tem propostas e compromisso para defender os trabalhadores e a Caixa p\u00fablica\u201d, afirmou.<\/p>\n<p>O presidente da Federa\u00e7\u00e3o Nacional das Associa\u00e7\u00f5es do Pessoal da Caixa (Fenae), Sergio Takemoto, ressaltou que a presen\u00e7a de uma representa\u00e7\u00e3o eleita pelos empregados no Conselho de Administra\u00e7\u00e3o \u00e9 resultado da mobiliza\u00e7\u00e3o hist\u00f3rica da categoria. \u201cA representa\u00e7\u00e3o dos empregados no Conselho de Administra\u00e7\u00e3o \u00e9 uma conquista importante da luta dos trabalhadores da Caixa. Por isso, \u00e9 fundamental que os colegas participem do segundo turno e fortale\u00e7am essa representa\u00e7\u00e3o que leva para dentro do Conselho as preocupa\u00e7\u00f5es e demandas da categoria\u201d, destacou Takemoto.<\/p>\n<p>O coordenador da Comiss\u00e3o Executiva dos Empregados (CEE\/Caixa), Felipe Pacheco, refor\u00e7ou a import\u00e2ncia da participa\u00e7\u00e3o da categoria nesta etapa decisiva da elei\u00e7\u00e3o. \u201cO segundo turno \u00e9 um momento importante para reafirmar o compromisso com uma representa\u00e7\u00e3o que esteja alinhada com a defesa dos empregados e com o fortalecimento da Caixa p\u00fablica. Quanto maior for a participa\u00e7\u00e3o dos trabalhadores, mais legitimidade ter\u00e1 essa representa\u00e7\u00e3o dentro do Conselho\u201d, disse.<\/p>\n<p>A atual representante das empregadas e empregados no CA da Caixa, Fabiana Uehara, tamb\u00e9m destacou a import\u00e2ncia da mobiliza\u00e7\u00e3o dos colegas neste novo momento da elei\u00e7\u00e3o. \u201cO Conselho de Administra\u00e7\u00e3o \u00e9 um espa\u00e7o estrat\u00e9gico, onde decis\u00f5es importantes para o futuro da Caixa s\u00e3o discutidas. A participa\u00e7\u00e3o dos empregados nesse processo \u00e9 fundamental para garantir que a voz dos trabalhadores continue sendo ouvida dentro do banco\u201d, afirmou.<\/p>\n<p>As entidades representativas orientam que todas as empregadas e empregados da ativa participem da vota\u00e7\u00e3o no segundo turno, que ser\u00e1 realizado entre 18 e 20 de mar\u00e7o, contribuindo para fortalecer a representa\u00e7\u00e3o da categoria no Conselho de Administra\u00e7\u00e3o da Caixa.<\/p>\n<p><strong>Fonte: Contraf-CUT<\/strong><\/p>\n","protected":false},"excerpt":{"rendered":"<p>\u00a0 A elei\u00e7\u00e3o para escolha da representante ou representante das empregadas e empregados no Conselho de Administra\u00e7\u00e3o (CA) da Caixa Econ\u00f4mica Federal ter\u00e1 segundo turno. A nova vota\u00e7\u00e3o ser\u00e1 realizada entre os dias 18 e 20 de mar\u00e7o e definir\u00e1 quem ocupar\u00e1 a vaga destinada \u00e0 representa\u00e7\u00e3o dos trabalhadores no principal \u00f3rg\u00e3o de governan\u00e7a do [&hellip;]<\/p>\n","protected":false},"author":2,"featured_media":17065,"comment_status":"","ping_status":"","sticky":false,"template":"","format":"standard","meta":{"footnotes":""},"categories":[3],"tags":[],"class_list":["post-17066","post","type-post","status-publish","format-standard","has-post-thumbnail","hentry","category-noticias"],"_links":{"self":[{"href":"https:\/\/hostnetart.com.br\/baixada\/wp-json\/wp\/v2\/posts\/17066","targetHints":{"allow":["GET"]}}],"collection":[{"href":"https:\/\/hostnetart.com.br\/baixada\/wp-json\/wp\/v2\/posts"}],"about":[{"href":"https:\/\/hostnetart.com.br\/baixada\/wp-json\/wp\/v2\/types\/post"}],"author":[{"embeddable":true,"href":"https:\/\/hostnetart.com.br\/baixada\/wp-json\/wp\/v2\/users\/2"}],"replies":[{"embeddable":true,"href":"https:\/\/hostnetart.com.br\/baixada\/wp-json\/wp\/v2\/comments?post=17066"}],"version-history":[{"count":0,"href":"https:\/\/hostnetart.com.br\/baixada\/wp-json\/wp\/v2\/posts\/17066\/revisions"}],"wp:featuredmedia":[{"embeddable":true,"href":"https:\/\/hostnetart.com.br\/baixada\/wp-json\/wp\/v2\/media\/17065"}],"wp:attachment":[{"href":"https:\/\/hostnetart.com.br\/baixada\/wp-json\/wp\/v2\/media?parent=17066"}],"wp:term":[{"taxonomy":"category","embeddable":true,"href":"https:\/\/hostnetart.com.br\/baixada\/wp-json\/wp\/v2\/categories?post=17066"},{"taxonomy":"post_tag","embeddable":true,"href":"https:\/\/hostnetart.com.br\/baixada\/wp-json\/wp\/v2\/tags?post=17066"}],"curies":[{"name":"wp","href":"https:\/\/api.w.org\/{rel}","templated":true}]}}