{"id":17054,"date":"2026-03-09T09:30:29","date_gmt":"2026-03-09T12:30:29","guid":{"rendered":"https:\/\/hostnetart.com.br\/baixada\/sindicato-participa-de-ato-contra-a-violencia-e-o-feminicidio\/"},"modified":"2026-03-09T09:30:29","modified_gmt":"2026-03-09T12:30:29","slug":"sindicato-participa-de-ato-contra-a-violencia-e-o-feminicidio","status":"publish","type":"post","link":"https:\/\/hostnetart.com.br\/baixada\/sindicato-participa-de-ato-contra-a-violencia-e-o-feminicidio\/","title":{"rendered":"Sindicato participa de ato contra a viol\u00eancia e o feminic\u00eddio"},"content":{"rendered":"<p>Neste \u00faltimo domingo (8\/3), o Dia Internacional das Mulheres foi marcado por um ato na Praia de Copacabana, onde milhares de manifestantes, principalmente mulheres, protestaram contra o feminic\u00eddio e as diversas formas de viol\u00eancia de g\u00eanero.<\/p>\n<p>Pelo Sindicato dos Banc\u00e1rios da Baixada Fluminense, estiveram presentes a Coordenadora Geral, Renata Soeiro, e a Diretora Solange Ribeiro.<\/p>\n<p>\u201c<i>Precisamos garantir recursos para o enfrentamento do feminic\u00eddio e a prote\u00e7\u00e3o da vida de meninas e mulheres. Essa \u00e9 uma luta di\u00e1ria, \u00e1rdua, mas que \u00e9 essencial para o bem viver de todas e todos n\u00f3s<\/i>\u201d, declarou Renata.<\/p>\n<p>A manifesta\u00e7\u00e3o tamb\u00e9m exigia mais or\u00e7amento para as pol\u00edticas p\u00fablicas voltadas \u00e0 igualdade.<\/p>\n<p>Al\u00e9m de reivindica\u00e7\u00f5es como a criminaliza\u00e7\u00e3o dos grupos que promovem o \u00f3dio \u00e0s mulheres, o aumento das licen\u00e7as-maternidade e paternidade, a cria\u00e7\u00e3o de linhas de cr\u00e9dito para mulheres empreendedoras e de espa\u00e7os educacionais inclusivos para crian\u00e7as com defici\u00eancia ou neurodivergentes.<\/p>\n<p>Outra reivindica\u00e7\u00e3o muito lembrada foi o fim da escala 6&#215;1 de trabalho.<\/p>\n<p><img fetchpriority=\"high\" decoding=\"async\" class=\"alignnone size-full wp-image-29540\" src=\"https:\/\/fetrafrjes.org.br\/wp-content\/uploads\/2026\/03\/5dbf077c-6e89-49bd-925c-1cdc4ec34771.jpeg\" sizes=\"(max-width: 1074px) 100vw, 1074px\" srcset=\"https:\/\/fetrafrjes.org.br\/wp-content\/uploads\/2026\/03\/5dbf077c-6e89-49bd-925c-1cdc4ec34771.jpeg 1074w, https:\/\/fetrafrjes.org.br\/wp-content\/uploads\/2026\/03\/5dbf077c-6e89-49bd-925c-1cdc4ec34771-600x569.jpeg 600w, https:\/\/fetrafrjes.org.br\/wp-content\/uploads\/2026\/03\/5dbf077c-6e89-49bd-925c-1cdc4ec34771-1024x972.jpeg 1024w, https:\/\/fetrafrjes.org.br\/wp-content\/uploads\/2026\/03\/5dbf077c-6e89-49bd-925c-1cdc4ec34771-768x729.jpeg 768w\" alt=\"\" width=\"1074\" height=\"1019\" \/><img decoding=\"async\" class=\"alignnone size-full wp-image-29542\" src=\"https:\/\/fetrafrjes.org.br\/wp-content\/uploads\/2026\/03\/71ba5ec9-6411-4f6d-acac-ce7af4ad5dc7.jpeg\" sizes=\"(max-width: 1200px) 100vw, 1200px\" srcset=\"https:\/\/fetrafrjes.org.br\/wp-content\/uploads\/2026\/03\/71ba5ec9-6411-4f6d-acac-ce7af4ad5dc7.jpeg 1200w, https:\/\/fetrafrjes.org.br\/wp-content\/uploads\/2026\/03\/71ba5ec9-6411-4f6d-acac-ce7af4ad5dc7-450x600.jpeg 450w, https:\/\/fetrafrjes.org.br\/wp-content\/uploads\/2026\/03\/71ba5ec9-6411-4f6d-acac-ce7af4ad5dc7-768x1024.jpeg 768w, https:\/\/fetrafrjes.org.br\/wp-content\/uploads\/2026\/03\/71ba5ec9-6411-4f6d-acac-ce7af4ad5dc7-1152x1536.jpeg 1152w\" alt=\"\" width=\"1200\" height=\"1600\" \/><img decoding=\"async\" class=\"alignnone size-full wp-image-29543\" src=\"https:\/\/fetrafrjes.org.br\/wp-content\/uploads\/2026\/03\/6799fc30-75b3-4805-bb25-6ebb17a9f5a3.jpeg\" sizes=\"(max-width: 1200px) 100vw, 1200px\" srcset=\"https:\/\/fetrafrjes.org.br\/wp-content\/uploads\/2026\/03\/6799fc30-75b3-4805-bb25-6ebb17a9f5a3.jpeg 1200w, https:\/\/fetrafrjes.org.br\/wp-content\/uploads\/2026\/03\/6799fc30-75b3-4805-bb25-6ebb17a9f5a3-450x600.jpeg 450w, https:\/\/fetrafrjes.org.br\/wp-content\/uploads\/2026\/03\/6799fc30-75b3-4805-bb25-6ebb17a9f5a3-768x1024.jpeg 768w, https:\/\/fetrafrjes.org.br\/wp-content\/uploads\/2026\/03\/6799fc30-75b3-4805-bb25-6ebb17a9f5a3-1152x1536.jpeg 1152w\" alt=\"\" width=\"1200\" height=\"1600\" \/><img loading=\"lazy\" decoding=\"async\" class=\"alignnone size-full wp-image-29544\" src=\"https:\/\/fetrafrjes.org.br\/wp-content\/uploads\/2026\/03\/20b47d7d-970b-48f1-8dbd-ae8de65fb22e.jpeg\" sizes=\"(max-width: 1600px) 100vw, 1600px\" srcset=\"https:\/\/fetrafrjes.org.br\/wp-content\/uploads\/2026\/03\/20b47d7d-970b-48f1-8dbd-ae8de65fb22e.jpeg 1600w, https:\/\/fetrafrjes.org.br\/wp-content\/uploads\/2026\/03\/20b47d7d-970b-48f1-8dbd-ae8de65fb22e-600x450.jpeg 600w, https:\/\/fetrafrjes.org.br\/wp-content\/uploads\/2026\/03\/20b47d7d-970b-48f1-8dbd-ae8de65fb22e-1024x768.jpeg 1024w, https:\/\/fetrafrjes.org.br\/wp-content\/uploads\/2026\/03\/20b47d7d-970b-48f1-8dbd-ae8de65fb22e-768x576.jpeg 768w, https:\/\/fetrafrjes.org.br\/wp-content\/uploads\/2026\/03\/20b47d7d-970b-48f1-8dbd-ae8de65fb22e-1536x1152.jpeg 1536w, https:\/\/fetrafrjes.org.br\/wp-content\/uploads\/2026\/03\/20b47d7d-970b-48f1-8dbd-ae8de65fb22e-1200x900.jpeg 1200w\" alt=\"\" width=\"1600\" height=\"1200\" \/><img loading=\"lazy\" decoding=\"async\" class=\"alignnone size-full wp-image-29545\" src=\"https:\/\/fetrafrjes.org.br\/wp-content\/uploads\/2026\/03\/1b9db593-4a63-4010-901f-1bedf0cfe3ed.jpeg\" sizes=\"(max-width: 1200px) 100vw, 1200px\" srcset=\"https:\/\/fetrafrjes.org.br\/wp-content\/uploads\/2026\/03\/1b9db593-4a63-4010-901f-1bedf0cfe3ed.jpeg 1200w, https:\/\/fetrafrjes.org.br\/wp-content\/uploads\/2026\/03\/1b9db593-4a63-4010-901f-1bedf0cfe3ed-450x600.jpeg 450w, https:\/\/fetrafrjes.org.br\/wp-content\/uploads\/2026\/03\/1b9db593-4a63-4010-901f-1bedf0cfe3ed-768x1024.jpeg 768w, https:\/\/fetrafrjes.org.br\/wp-content\/uploads\/2026\/03\/1b9db593-4a63-4010-901f-1bedf0cfe3ed-1152x1536.jpeg 1152w\" alt=\"\" width=\"1200\" height=\"1600\" \/><img loading=\"lazy\" decoding=\"async\" class=\"alignnone size-full wp-image-29546\" src=\"https:\/\/fetrafrjes.org.br\/wp-content\/uploads\/2026\/03\/c6f6b23a-8196-43a5-adf8-dfd319553ce8.jpeg\" sizes=\"(max-width: 1600px) 100vw, 1600px\" srcset=\"https:\/\/fetrafrjes.org.br\/wp-content\/uploads\/2026\/03\/c6f6b23a-8196-43a5-adf8-dfd319553ce8.jpeg 1600w, https:\/\/fetrafrjes.org.br\/wp-content\/uploads\/2026\/03\/c6f6b23a-8196-43a5-adf8-dfd319553ce8-600x450.jpeg 600w, https:\/\/fetrafrjes.org.br\/wp-content\/uploads\/2026\/03\/c6f6b23a-8196-43a5-adf8-dfd319553ce8-1024x768.jpeg 1024w, https:\/\/fetrafrjes.org.br\/wp-content\/uploads\/2026\/03\/c6f6b23a-8196-43a5-adf8-dfd319553ce8-768x576.jpeg 768w, https:\/\/fetrafrjes.org.br\/wp-content\/uploads\/2026\/03\/c6f6b23a-8196-43a5-adf8-dfd319553ce8-1536x1152.jpeg 1536w, https:\/\/fetrafrjes.org.br\/wp-content\/uploads\/2026\/03\/c6f6b23a-8196-43a5-adf8-dfd319553ce8-1200x900.jpeg 1200w\" alt=\"\" width=\"1600\" height=\"1200\" \/><\/p>\n","protected":false},"excerpt":{"rendered":"<p>Neste \u00faltimo domingo (8\/3), o Dia Internacional das Mulheres foi marcado por um ato na Praia de Copacabana, onde milhares de manifestantes, principalmente mulheres, protestaram contra o feminic\u00eddio e as diversas formas de viol\u00eancia de g\u00eanero. Pelo Sindicato dos Banc\u00e1rios da Baixada Fluminense, estiveram presentes a Coordenadora Geral, Renata Soeiro, e a Diretora Solange Ribeiro. [&hellip;]<\/p>\n","protected":false},"author":2,"featured_media":17053,"comment_status":"","ping_status":"","sticky":false,"template":"","format":"standard","meta":{"footnotes":""},"categories":[3],"tags":[],"class_list":["post-17054","post","type-post","status-publish","format-standard","has-post-thumbnail","hentry","category-noticias"],"_links":{"self":[{"href":"https:\/\/hostnetart.com.br\/baixada\/wp-json\/wp\/v2\/posts\/17054","targetHints":{"allow":["GET"]}}],"collection":[{"href":"https:\/\/hostnetart.com.br\/baixada\/wp-json\/wp\/v2\/posts"}],"about":[{"href":"https:\/\/hostnetart.com.br\/baixada\/wp-json\/wp\/v2\/types\/post"}],"author":[{"embeddable":true,"href":"https:\/\/hostnetart.com.br\/baixada\/wp-json\/wp\/v2\/users\/2"}],"replies":[{"embeddable":true,"href":"https:\/\/hostnetart.com.br\/baixada\/wp-json\/wp\/v2\/comments?post=17054"}],"version-history":[{"count":0,"href":"https:\/\/hostnetart.com.br\/baixada\/wp-json\/wp\/v2\/posts\/17054\/revisions"}],"wp:featuredmedia":[{"embeddable":true,"href":"https:\/\/hostnetart.com.br\/baixada\/wp-json\/wp\/v2\/media\/17053"}],"wp:attachment":[{"href":"https:\/\/hostnetart.com.br\/baixada\/wp-json\/wp\/v2\/media?parent=17054"}],"wp:term":[{"taxonomy":"category","embeddable":true,"href":"https:\/\/hostnetart.com.br\/baixada\/wp-json\/wp\/v2\/categories?post=17054"},{"taxonomy":"post_tag","embeddable":true,"href":"https:\/\/hostnetart.com.br\/baixada\/wp-json\/wp\/v2\/tags?post=17054"}],"curies":[{"name":"wp","href":"https:\/\/api.w.org\/{rel}","templated":true}]}}