{"id":17052,"date":"2026-03-05T15:48:37","date_gmt":"2026-03-05T18:48:37","guid":{"rendered":"https:\/\/hostnetart.com.br\/baixada\/comando-nacional-dos-bancarios-define-eixos-tematicos-das-conferencias-estaduais-e-regionais\/"},"modified":"2026-03-05T15:48:37","modified_gmt":"2026-03-05T18:48:37","slug":"comando-nacional-dos-bancarios-define-eixos-tematicos-das-conferencias-estaduais-e-regionais","status":"publish","type":"post","link":"https:\/\/hostnetart.com.br\/baixada\/comando-nacional-dos-bancarios-define-eixos-tematicos-das-conferencias-estaduais-e-regionais\/","title":{"rendered":"Comando Nacional dos Banc\u00e1rios define eixos tem\u00e1ticos das confer\u00eancias estaduais e regionais"},"content":{"rendered":"<p>O Comando Nacional dos Banc\u00e1rios aprovou, nesta ter\u00e7a-feira (3), durante encontro em Bras\u00edlia, os eixos tem\u00e1ticos das confer\u00eancias nacionais e estaduais, parte do conjunto de a\u00e7\u00f5es realizadas pelo movimento sindical para a constru\u00e7\u00e3o das pautas que ser\u00e3o base da campanha nacional unificada da categoria, neste ano.<\/p>\n<p>O grupo tamb\u00e9m analisou o question\u00e1rio da Consulta Nacional dos Banc\u00e1rios 2026, prevista para ser aplicada entre 15 de abril e 31 de maio.\u00a0<\/p>\n<p><strong>Conhe\u00e7a os eixos tem\u00e1ticos:<\/strong><br \/>&#8211; Aumento real;<br \/>&#8211; Aumento do piso da categoria;<br \/>&#8211; Aumento da PLR;<br \/>&#8211; Sa\u00fade: bem-estar e combate ao adoecimento;<br \/>&#8211; Defesa do emprego frente \u00e0 implementa\u00e7\u00e3o das novas tecnologias;<br \/>&#8211; Por um Sistema Financeiro melhor e mais regulado;<br \/>&#8211; Import\u00e2ncia das elei\u00e7\u00f5es 2026 para a classe trabalhadora.<\/p>\n<p>A coordenadora do Comando Nacional dos Banc\u00e1rios, Juvandia Moreira, abordou a necessidade do comprometimento de todas e todos para debater os temas junto aos trabalhadores da base, refor\u00e7ando a import\u00e2ncia da iniciativa para a campanha salarial e por melhores condi\u00e7\u00f5es de trabalho.<\/p>\n<p><strong>&#8220;As plen\u00e1rias regionais e estaduais s\u00e3o ferramentas fundamentais para o fortalecimento da categoria. A partir desses espa\u00e7os consolidamos a troca de conhecimento, da base para com os dirigentes e dos dirigentes para com a base&#8221;<\/strong>, explicou Juvandia, que tamb\u00e9m \u00e9 presidenta da Contraf-CUT.\u00a0<strong>&#8220;Os temas que aprovamos abarcam tanto quest\u00f5es que s\u00e3o prioridade para os trabalhadores e suas fam\u00edlias (a exemplo do aumento real), como quest\u00f5es sociais e pol\u00edticas que, por terem impactos diretos sobre o futuro da categoria, precisam da nossa compreens\u00e3o e engajamento, a exemplo dos impactos da tecnologia no mercado de trabalho&#8221;<\/strong>, completou a dirigente.<\/p>\n<h2>Maior centralidade na comunica\u00e7\u00e3o<\/h2>\n<p>\u00a0<\/p>\n<p>Ao longo da troca de ideias sobre os eixos aprovados, os membros do Comando Nacional alcan\u00e7aram o consenso de que a comunica\u00e7\u00e3o deve, de forma estrat\u00e9gica, ser refor\u00e7ada e centralizada.<\/p>\n<p>Tamb\u00e9m foi acordada a import\u00e2ncia de os dirigentes se apropriarem do conhecimento sobre a conjuntura pol\u00edtica e social, para que estejam preparados a lidar com as d\u00favidas e preocupa\u00e7\u00f5es da categoria.<\/p>\n<p>O Comando Nacional levantou ainda a seguran\u00e7a tecnol\u00f3gica como um tema que precisa ser debatido.\u00a0<strong>&#8220;Antes as pessoas eram roubadas dentro dos bancos, agora est\u00e3o sofrendo golpes dentro de casa, pelo celular. \u00c9 um tema que talvez tenhamos que abordar para aumentar o di\u00e1logo da categoria com as bases e com toda a sociedade&#8221;<\/strong>, avaliou Juvandia Moreira.<\/p>\n<h2>Consulta Nacional 2026<\/h2>\n<p>O grupo analisou as perguntas que ir\u00e3o compor o question\u00e1rio da Consulta Nacional dos Banc\u00e1rios 2026. O material ainda ser\u00e1 aprovado pelos dirigentes nos pr\u00f3ximos dias.<\/p>\n<p>A tamb\u00e9m coordenadora do Comando Nacional dos Banc\u00e1rios, Neiva Ribeiro, refor\u00e7ou o papel de todos e todas para que, neste ano, aconte\u00e7a o m\u00e1ximo de ades\u00e3o de respondentes \u00e0 pesquisa.<\/p>\n<p><strong>&#8220;A consulta j\u00e1 \u00e9 uma tradi\u00e7\u00e3o, \u00e9 um instrumento estrat\u00e9gico para conhecer as demandas da categoria, conhecer como ela avalia as conquistas j\u00e1 obtidas, seus principais anseios e muitos outros pontos que s\u00e3o fundamentais na constru\u00e7\u00e3o da pauta de reivindica\u00e7\u00f5es das campanhas salariais&#8221;<\/strong>, pontuou a dirigente, que tamb\u00e9m \u00e9 presidenta do Sindical de S\u00e3o Paulo, Osasco e Regi\u00e3o.<\/p>\n<p><em>Fonte: Contraf-CUT<\/em><\/p>\n","protected":false},"excerpt":{"rendered":"<p>O Comando Nacional dos Banc\u00e1rios aprovou, nesta ter\u00e7a-feira (3), durante encontro em Bras\u00edlia, os eixos tem\u00e1ticos das confer\u00eancias nacionais e estaduais, parte do conjunto de a\u00e7\u00f5es realizadas pelo movimento sindical para a constru\u00e7\u00e3o das pautas que ser\u00e3o base da campanha nacional unificada da categoria, neste ano. O grupo tamb\u00e9m analisou o question\u00e1rio da Consulta Nacional [&hellip;]<\/p>\n","protected":false},"author":2,"featured_media":17051,"comment_status":"","ping_status":"","sticky":false,"template":"","format":"standard","meta":{"footnotes":""},"categories":[3],"tags":[],"class_list":["post-17052","post","type-post","status-publish","format-standard","has-post-thumbnail","hentry","category-noticias"],"_links":{"self":[{"href":"https:\/\/hostnetart.com.br\/baixada\/wp-json\/wp\/v2\/posts\/17052","targetHints":{"allow":["GET"]}}],"collection":[{"href":"https:\/\/hostnetart.com.br\/baixada\/wp-json\/wp\/v2\/posts"}],"about":[{"href":"https:\/\/hostnetart.com.br\/baixada\/wp-json\/wp\/v2\/types\/post"}],"author":[{"embeddable":true,"href":"https:\/\/hostnetart.com.br\/baixada\/wp-json\/wp\/v2\/users\/2"}],"replies":[{"embeddable":true,"href":"https:\/\/hostnetart.com.br\/baixada\/wp-json\/wp\/v2\/comments?post=17052"}],"version-history":[{"count":0,"href":"https:\/\/hostnetart.com.br\/baixada\/wp-json\/wp\/v2\/posts\/17052\/revisions"}],"wp:featuredmedia":[{"embeddable":true,"href":"https:\/\/hostnetart.com.br\/baixada\/wp-json\/wp\/v2\/media\/17051"}],"wp:attachment":[{"href":"https:\/\/hostnetart.com.br\/baixada\/wp-json\/wp\/v2\/media?parent=17052"}],"wp:term":[{"taxonomy":"category","embeddable":true,"href":"https:\/\/hostnetart.com.br\/baixada\/wp-json\/wp\/v2\/categories?post=17052"},{"taxonomy":"post_tag","embeddable":true,"href":"https:\/\/hostnetart.com.br\/baixada\/wp-json\/wp\/v2\/tags?post=17052"}],"curies":[{"name":"wp","href":"https:\/\/api.w.org\/{rel}","templated":true}]}}