{"id":17022,"date":"2026-02-12T17:50:12","date_gmt":"2026-02-12T20:50:12","guid":{"rendered":"https:\/\/hostnetart.com.br\/baixada\/banco-do-brasil-antecipa-pagamento-da-plr-para-3-de-marco\/"},"modified":"2026-02-12T17:50:12","modified_gmt":"2026-02-12T20:50:12","slug":"banco-do-brasil-antecipa-pagamento-da-plr-para-3-de-marco","status":"publish","type":"post","link":"https:\/\/hostnetart.com.br\/baixada\/banco-do-brasil-antecipa-pagamento-da-plr-para-3-de-marco\/","title":{"rendered":"Banco do Brasil antecipa pagamento da PLR para 3 de mar\u00e7o"},"content":{"rendered":"<p>O Banco do Brasil informou que antecipar\u00e1 o pagamento da Participa\u00e7\u00e3o nos Lucros e Resultados (PLR) para o dia 3 de mar\u00e7o de 2026.<\/p>\n<p>A antecipa\u00e7\u00e3o \u00e9 resultado da press\u00e3o do movimento sindical, que cobrou do banco a libera\u00e7\u00e3o dos valores o quanto antes, considerando o cen\u00e1rio econ\u00f4mico e a import\u00e2ncia da PLR para os trabalhadores, especialmente em um contexto de sobrecarga, fechamento de ag\u00eancias e redu\u00e7\u00e3o do quadro de pessoal.<\/p>\n<p><strong>Fonte: Contraf-CUT<\/strong><\/p>\n","protected":false},"excerpt":{"rendered":"<p>O Banco do Brasil informou que antecipar\u00e1 o pagamento da Participa\u00e7\u00e3o nos Lucros e Resultados (PLR) para o dia 3 de mar\u00e7o de 2026. A antecipa\u00e7\u00e3o \u00e9 resultado da press\u00e3o do movimento sindical, que cobrou do banco a libera\u00e7\u00e3o dos valores o quanto antes, considerando o cen\u00e1rio econ\u00f4mico e a import\u00e2ncia da PLR para os [&hellip;]<\/p>\n","protected":false},"author":2,"featured_media":17021,"comment_status":"","ping_status":"","sticky":false,"template":"","format":"standard","meta":{"footnotes":""},"categories":[3],"tags":[],"class_list":["post-17022","post","type-post","status-publish","format-standard","has-post-thumbnail","hentry","category-noticias"],"_links":{"self":[{"href":"https:\/\/hostnetart.com.br\/baixada\/wp-json\/wp\/v2\/posts\/17022","targetHints":{"allow":["GET"]}}],"collection":[{"href":"https:\/\/hostnetart.com.br\/baixada\/wp-json\/wp\/v2\/posts"}],"about":[{"href":"https:\/\/hostnetart.com.br\/baixada\/wp-json\/wp\/v2\/types\/post"}],"author":[{"embeddable":true,"href":"https:\/\/hostnetart.com.br\/baixada\/wp-json\/wp\/v2\/users\/2"}],"replies":[{"embeddable":true,"href":"https:\/\/hostnetart.com.br\/baixada\/wp-json\/wp\/v2\/comments?post=17022"}],"version-history":[{"count":0,"href":"https:\/\/hostnetart.com.br\/baixada\/wp-json\/wp\/v2\/posts\/17022\/revisions"}],"wp:featuredmedia":[{"embeddable":true,"href":"https:\/\/hostnetart.com.br\/baixada\/wp-json\/wp\/v2\/media\/17021"}],"wp:attachment":[{"href":"https:\/\/hostnetart.com.br\/baixada\/wp-json\/wp\/v2\/media?parent=17022"}],"wp:term":[{"taxonomy":"category","embeddable":true,"href":"https:\/\/hostnetart.com.br\/baixada\/wp-json\/wp\/v2\/categories?post=17022"},{"taxonomy":"post_tag","embeddable":true,"href":"https:\/\/hostnetart.com.br\/baixada\/wp-json\/wp\/v2\/tags?post=17022"}],"curies":[{"name":"wp","href":"https:\/\/api.w.org\/{rel}","templated":true}]}}