{"id":17014,"date":"2026-02-10T17:39:47","date_gmt":"2026-02-10T20:39:47","guid":{"rendered":"https:\/\/hostnetart.com.br\/baixada\/carnaval-sindical-bancarios-e-financiarios-espalham-alegria-pelo-brasil-em-blocos-matines-e-gritos-de-folia\/"},"modified":"2026-02-10T17:39:47","modified_gmt":"2026-02-10T20:39:47","slug":"carnaval-sindical-bancarios-e-financiarios-espalham-alegria-pelo-brasil-em-blocos-matines-e-gritos-de-folia","status":"publish","type":"post","link":"https:\/\/hostnetart.com.br\/baixada\/carnaval-sindical-bancarios-e-financiarios-espalham-alegria-pelo-brasil-em-blocos-matines-e-gritos-de-folia\/","title":{"rendered":"Carnaval sindical: banc\u00e1rios e financi\u00e1rios espalham alegria pelo Brasil em blocos, matin\u00eas e gritos de folia"},"content":{"rendered":"<p>Se o Brasil \u00e9 o pa\u00eds do carnaval, os sindicatos tamb\u00e9m v\u00e3o entrar na avenida \u2014 com muito samba no p\u00e9, consci\u00eancia na cabe\u00e7a e luta no cora\u00e7\u00e3o. Entre confete, serpentina e palavras de ordem, banc\u00e1rios e financi\u00e1rios de v\u00e1rias regi\u00f5es do pa\u00eds v\u00e3o \u201ctirar o crach\u00e1 e botar a fantasia\u201d, provando que d\u00e1, sim, para brincar o carnaval sem esquecer as pautas da categoria.<\/p>\n<p>De blocos de rua a matin\u00eas infantis, passando por botecos carnavalescos e desfiles tradicionais, a folia sindical promete tomar conta de fevereiro com alegria, cultura e mobiliza\u00e7\u00e3o.<\/p>\n<p>O\u00a0<strong>Sindicato dos Banc\u00e1rios da Baixada Fluminense<\/strong>, filiado \u00e0 Federa\u00e7\u00e3o dos Trabalhadores do Ramo Financeiro dos Estados do Rio de Janeiro e Esp\u00edrito Santo (<strong>Fetraf RJ\/ES<\/strong>),\u00a0no dia\u00a0<strong>12 de fevereiro<\/strong>, ir\u00e1 realizar o\u00a0<em><strong>Grito de Carnaval dos Banc\u00e1rios<\/strong><\/em>, em sua\u00a0<strong>Sede<\/strong>, localizada em\u00a0<strong>Duque de Caxias<\/strong>, a partir das\u00a0<strong>17 horas<\/strong>.<\/p>\n<p>Confira a agenda completa e marque na sua agenda para n\u00e3o ficar fora desse desfile.<\/p>\n<h2><strong>S\u00e3o Paulo \u2013 Bloco dos Banc\u00e1rios<\/strong><\/h2>\n<p>O tradicional Bloco dos Banc\u00e1rios desfila no dia 14 de fevereiro (s\u00e1bado), com concentra\u00e7\u00e3o \u00e0s 10h, na sede do Sindicato (Rua S\u00e3o Bento, 413), e dispers\u00e3o \u00e0s 14h.<\/p>\n<p>O cortejo vai animar o centro antigo ao som da bateria da Acad\u00eamicos da Ursal.<\/p>\n<p>O tema deste ano \u00e9 \u201cO futuro \u00e9 soberano, justo e solid\u00e1rio\u201d, escolhido pela categoria em enquete.<\/p>\n<h2><strong>Minas Gerais \u2013 Bloco do Pirulito (33\u00aa edi\u00e7\u00e3o)<\/strong><\/h2>\n<p>Com foco em alegria e conscientiza\u00e7\u00e3o sobre preven\u00e7\u00e3o ao HIV e ISTs:<\/p>\n<p><strong>Belo Horizonte<\/strong><\/p>\n<p>14\/02 (s\u00e1bado)<\/p>\n<p>Concentra\u00e7\u00e3o: 13h<\/p>\n<p>Avenida \u00c1lvares Cabral, 366<\/p>\n<p><strong>S\u00e3o Jo\u00e3o del-Rei<\/strong><\/p>\n<p>12\/02 (quinta-feira)<\/p>\n<p>Concentra\u00e7\u00e3o: 20h30<\/p>\n<p>Largo do Carmo<\/p>\n<p>O bloco refor\u00e7a a import\u00e2ncia do uso de camisinha, al\u00e9m da PrEP e PEP. Porque se cuidar tamb\u00e9m faz parte da festa.<\/p>\n<h2><strong>Rio de Janeiro \u2013 Bloco \u201cVestiu a camisinha listrada e saiu por a\u00ed\u201d<\/strong><\/h2>\n<p>13 de fevereiro<\/p>\n<p>A partir das 17h<\/p>\n<p>Centro do Rio<\/p>\n<p>Com bateria da Unidos da Tijuca, abrindo o carnaval carioca.<\/p>\n<p>Bloquinho infantil<\/p>\n<p>14 de fevereiro<\/p>\n<p>A partir das 8h30<\/p>\n<p>Sede Campestre do Sindicato<\/p>\n<h2><strong>Curitiba \u2013 Bloco \u201cBalan\u00e7a povo que o de cima faz\u201d<\/strong><\/h2>\n<p>11 de fevereiro (quarta-feira)<\/p>\n<p>19h30<\/p>\n<p>Sociedade 13 de Maio \u2013 Rua Des. Clot\u00e1rio Portugal, 27, Centro<\/p>\n<p>Com o lema \u201cTrabalhador(a) vota em trabalhador(a)\u201d, o bloco defende pautas como fim da escala 6\u00d71, tarifa zero, democracia e combate ao feminic\u00eddio, ao som da bateria da Rosa do Povo.<\/p>\n<h2><strong>Caxias do Sul \u2013 Boteco Sindical de Carnaval<\/strong><\/h2>\n<p>27 de fevereiro (sexta-feira)<\/p>\n<p>19h30 \u00e0 meia-noite<\/p>\n<p>Sal\u00e3o r\u00fastico da Sede Campestre<\/p>\n<p>A 7\u00aa edi\u00e7\u00e3o incentiva fantasias criativas e bloquinhos em grupo, com open bar de chope, petiscos e m\u00fasica ao vivo com o grupo Aguer\u00ea.<\/p>\n<h2><strong>Campos dos Goytacazes (RJ) \u2013 Bloco Vaca Valiosa<\/strong><\/h2>\n<p>12 de fevereiro (quinta-feira)<\/p>\n<p>Concentra\u00e7\u00e3o: 16h<\/p>\n<p>Sa\u00edda: 17h<\/p>\n<p>Sede Social \u2013 Rua Marechal Floriano, 129\/133<\/p>\n<p>Em seu 16\u00ba desfile, o bloco mant\u00e9m viva a tradi\u00e7\u00e3o que nasceu de protesto contra os lucros dos banqueiros, com bateria do Batuque do Beira Rio.<\/p>\n<h2><strong>Baixada Fluminense (RJ) \u2013 Grito de Carnaval<\/strong><\/h2>\n<p>12 de fevereiro<\/p>\n<p>A partir das 17h<\/p>\n<p>Sede do Sindicato dos Banc\u00e1rios da Baixada Fluminense \u2013 Duque de Caxias<\/p>\n<p>A atra\u00e7\u00e3o principal \u00e9 a cantora Micarla, marcando o primeiro grande evento sindical de 2026 na regi\u00e3o.<\/p>\n<h2><strong>Campinas \u2013 Matin\u00eas no Clube dos Banc\u00e1rios<\/strong><\/h2>\n<p>15 e 17 de fevereiro<\/p>\n<p>14h30 \u00e0s 17h30<\/p>\n<p>Clube dos Banc\u00e1rios<\/p>\n<p>Com anima\u00e7\u00e3o da banda Canta Brasil.<\/p>\n<p>No dia 17\/02, haver\u00e1 Desfile de Fantasias Infantil, com premia\u00e7\u00e3o simb\u00f3lica.<\/p>\n<p>Entrada gratuita para s\u00f3cios e dependentes cadastrados.<\/p>\n<h2><strong>Para\u00edba \u2013 Bloco dos Borrachudos<\/strong><\/h2>\n<p>A XXIII edi\u00e7\u00e3o do Bloco Os Borrachudos, tradicional Camarote VIP dos Banc\u00e1rios da Para\u00edba no desfile das Muri\u00e7ocas do Miramar, acontece nesta quarta-feira (11). A iniciativa reafirma o compromisso da entidade com a valoriza\u00e7\u00e3o dos banc\u00e1rios tamb\u00e9m nos momentos de confraterniza\u00e7\u00e3o e lazer, fortalecendo os la\u00e7os da categoria em um dos eventos mais populares do calend\u00e1rio cultural de Jo\u00e3o Pessoa.<\/p>\n<p>O bloco se concentra no dia 11 de fevereiro, a partir das 19h, na Flora Can\u00e1rio, localizada na Avenida Epit\u00e1cio Pessoa, n\u00ba 4480. O espa\u00e7o foi preparado para oferecer conforto e seguran\u00e7a aos foli\u00f5es, contando com estrutura de bar, banheiros qu\u00edmicos e equipe de apoio, garantindo tranquilidade para banc\u00e1rias e banc\u00e1rios, familiares, amigos e convidados que ir\u00e3o prestigiar o desfile.<\/p>\n<p>Al\u00e9m da estrutura, o Bloco Os Borrachudos mant\u00e9m a proposta de ser um ambiente de integra\u00e7\u00e3o, alegria e celebra\u00e7\u00e3o coletiva, reunindo a categoria em torno da cultura carnavalesca paraibana. Ao longo de mais de duas d\u00e9cadas de hist\u00f3ria, o bloco se consolidou como refer\u00eancia entre os banc\u00e1rios, tornando-se tradi\u00e7\u00e3o aguardada a cada ano.<\/p>\n<p>Para o presidente do Sindicato dos Banc\u00e1rios da Para\u00edba, Lindonjhonson Almeida, o evento vai al\u00e9m da folia. \u201cO Bloco Os Borrachudos representa a uni\u00e3o da categoria em um momento de celebra\u00e7\u00e3o, mas tamb\u00e9m simboliza o cuidado do Sindicato em oferecer espa\u00e7os seguros e organizados para que os banc\u00e1rios possam viver a cultura e o lazer com tranquilidade. \u00c9 uma tradi\u00e7\u00e3o que muito nos orgulha\u201d, destacou.<\/p>\n<p><strong>Fonte: Contraf-CUT<\/strong><\/p>\n","protected":false},"excerpt":{"rendered":"<p>Se o Brasil \u00e9 o pa\u00eds do carnaval, os sindicatos tamb\u00e9m v\u00e3o entrar na avenida \u2014 com muito samba no p\u00e9, consci\u00eancia na cabe\u00e7a e luta no cora\u00e7\u00e3o. Entre confete, serpentina e palavras de ordem, banc\u00e1rios e financi\u00e1rios de v\u00e1rias regi\u00f5es do pa\u00eds v\u00e3o \u201ctirar o crach\u00e1 e botar a fantasia\u201d, provando que d\u00e1, sim, [&hellip;]<\/p>\n","protected":false},"author":2,"featured_media":17013,"comment_status":"","ping_status":"","sticky":false,"template":"","format":"standard","meta":{"footnotes":""},"categories":[3],"tags":[],"class_list":["post-17014","post","type-post","status-publish","format-standard","has-post-thumbnail","hentry","category-noticias"],"_links":{"self":[{"href":"https:\/\/hostnetart.com.br\/baixada\/wp-json\/wp\/v2\/posts\/17014","targetHints":{"allow":["GET"]}}],"collection":[{"href":"https:\/\/hostnetart.com.br\/baixada\/wp-json\/wp\/v2\/posts"}],"about":[{"href":"https:\/\/hostnetart.com.br\/baixada\/wp-json\/wp\/v2\/types\/post"}],"author":[{"embeddable":true,"href":"https:\/\/hostnetart.com.br\/baixada\/wp-json\/wp\/v2\/users\/2"}],"replies":[{"embeddable":true,"href":"https:\/\/hostnetart.com.br\/baixada\/wp-json\/wp\/v2\/comments?post=17014"}],"version-history":[{"count":0,"href":"https:\/\/hostnetart.com.br\/baixada\/wp-json\/wp\/v2\/posts\/17014\/revisions"}],"wp:featuredmedia":[{"embeddable":true,"href":"https:\/\/hostnetart.com.br\/baixada\/wp-json\/wp\/v2\/media\/17013"}],"wp:attachment":[{"href":"https:\/\/hostnetart.com.br\/baixada\/wp-json\/wp\/v2\/media?parent=17014"}],"wp:term":[{"taxonomy":"category","embeddable":true,"href":"https:\/\/hostnetart.com.br\/baixada\/wp-json\/wp\/v2\/categories?post=17014"},{"taxonomy":"post_tag","embeddable":true,"href":"https:\/\/hostnetart.com.br\/baixada\/wp-json\/wp\/v2\/tags?post=17014"}],"curies":[{"name":"wp","href":"https:\/\/api.w.org\/{rel}","templated":true}]}}