{"id":1701,"date":"2013-11-12T00:00:00","date_gmt":"2013-11-12T02:00:00","guid":{"rendered":"https:\/\/hostnetart.com.br\/baixada\/policia-federal-marca-99-reuniao-da-ccasp-para-dia-10-de-dezembro\/"},"modified":"2013-11-12T00:00:00","modified_gmt":"2013-11-12T02:00:00","slug":"policia-federal-marca-99-reuniao-da-ccasp-para-dia-10-de-dezembro","status":"publish","type":"post","link":"https:\/\/hostnetart.com.br\/baixada\/policia-federal-marca-99-reuniao-da-ccasp-para-dia-10-de-dezembro\/","title":{"rendered":"Pol\u00edcia Federal marca 99\u00aa reuni\u00e3o da CCASP para dia 10 de dezembro"},"content":{"rendered":"<p>A Pol\u00edcia Federal marcou para o pr\u00f3ximo dia 10 de dezembro, \u00e0s 9 horas, a 99\u00aa reuni\u00e3o da Comiss\u00e3o Consultiva para Assuntos da Seguran\u00e7a Privada (CCASP), em Bras\u00edlia. Estar\u00e3o em julgamento processos movidos contra bancos, empresas de vigil\u00e2ncia e transporte de valores, e centros de forma\u00e7\u00e3o de vigilantes, em raz\u00e3o do descumprimento da lei federal n\u00ba 7.102\/83 e das normas de seguran\u00e7a.<br \/>Essa ser\u00e1 a quarta e \u00faltima reuni\u00e3o em 2013 e ser\u00e1 presidida pela coordenadora da CCASP, delegada Silvana Helena Vieira Borges.<br \/>A CCASP \u00e9 um f\u00f3rum que conta com a participa\u00e7\u00e3o do governo, banc\u00e1rios, representados pela Contraf-CUT, vigilantes e entidades patronais, como a Febraban.<br \/>Os processos contra bancos s\u00e3o abertos pelas delegacias estaduais da Pol\u00edcia Federal (Delesp) a partir da fiscaliza\u00e7\u00e3o anual do plano de seguran\u00e7a dos estabelecimentos e das den\u00fancias de irregularidades que podem ser tamb\u00e9m encaminhadas pelas entidades sindicais.<\/p>\n<p>\u00a0<\/p>\n<p>&gt; Clique\u00a0<a href=\"http:\/\/www.dpf.gov.br\/institucional\/pf-pelo-brasil\/\" target=\"_blank\" rel=\"noopener noreferrer\">aqui<\/a>\u00a0para ver os endere\u00e7os da Pol\u00edcia Federal em todo pa\u00eds.<\/p>\n<p>\u00a0<\/p>\n<p>\u201cOrientamos mais uma vez os sindicatos e as federa\u00e7\u00f5es a verificar se a legisla\u00e7\u00e3o federal de seguran\u00e7a est\u00e1 sendo cumprida nas ag\u00eancias e postos de atendimento banc\u00e1rio. Caso negativo, as entidades devem encaminhar den\u00fancias por escrito para a Delesp mais pr\u00f3xima, pedindo fiscaliza\u00e7\u00e3o para que as normas de seguran\u00e7a sejam respeitadas, como forma de proteger a vida de trabalhadores e clientes\u201d, reitera o secret\u00e1rio de imprensa da Contraf-CUT e coordenador do Coletivo Nacional de Seguran\u00e7a Banc\u00e1ria, Ademir Wiederkehr.<\/p>\n<p>\u00a0<\/p>\n<p>\u00a0<\/p>\n<p><strong>Reuni\u00e3o do Coletivo Nacional<\/strong><\/p>\n<p>\u00a0<\/p>\n<p>Na v\u00e9spera, no dia 9 de dezembro, \u00e0s 14 horas, a Contraf-CUT realiza uma reuni\u00e3o do Coletivo Nacional de Seguran\u00e7a Banc\u00e1ria, nas depend\u00eancias do Sindicato dos Banc\u00e1rios de Bras\u00edlia.<\/p>\n<p>\u00a0<\/p>\n<p>\u201cVamos analisar os processos e definir o posicionamento dos banc\u00e1rios, al\u00e9m de discutir outros assuntos envolvendo seguran\u00e7a nos bancos\u201d, destaca Ademir.<\/p>\n<p>\u00a0<\/p>\n<p>Fonte: Contraf-CUT<\/p>\n","protected":false},"excerpt":{"rendered":"<p>A Pol\u00edcia Federal marcou para o pr\u00f3ximo dia 10 de dezembro, \u00e0s 9 horas, a 99\u00aa reuni\u00e3o da Comiss\u00e3o Consultiva para Assuntos da Seguran\u00e7a Privada (CCASP), em Bras\u00edlia. Estar\u00e3o em julgamento processos movidos contra bancos, empresas de vigil\u00e2ncia e transporte de valores, e centros de forma\u00e7\u00e3o de vigilantes, em raz\u00e3o do descumprimento da lei federal [&hellip;]<\/p>\n","protected":false},"author":1,"featured_media":0,"comment_status":"","ping_status":"","sticky":false,"template":"","format":"standard","meta":{"footnotes":""},"categories":[3],"tags":[],"class_list":["post-1701","post","type-post","status-publish","format-standard","hentry","category-noticias"],"_links":{"self":[{"href":"https:\/\/hostnetart.com.br\/baixada\/wp-json\/wp\/v2\/posts\/1701","targetHints":{"allow":["GET"]}}],"collection":[{"href":"https:\/\/hostnetart.com.br\/baixada\/wp-json\/wp\/v2\/posts"}],"about":[{"href":"https:\/\/hostnetart.com.br\/baixada\/wp-json\/wp\/v2\/types\/post"}],"author":[{"embeddable":true,"href":"https:\/\/hostnetart.com.br\/baixada\/wp-json\/wp\/v2\/users\/1"}],"replies":[{"embeddable":true,"href":"https:\/\/hostnetart.com.br\/baixada\/wp-json\/wp\/v2\/comments?post=1701"}],"version-history":[{"count":0,"href":"https:\/\/hostnetart.com.br\/baixada\/wp-json\/wp\/v2\/posts\/1701\/revisions"}],"wp:attachment":[{"href":"https:\/\/hostnetart.com.br\/baixada\/wp-json\/wp\/v2\/media?parent=1701"}],"wp:term":[{"taxonomy":"category","embeddable":true,"href":"https:\/\/hostnetart.com.br\/baixada\/wp-json\/wp\/v2\/categories?post=1701"},{"taxonomy":"post_tag","embeddable":true,"href":"https:\/\/hostnetart.com.br\/baixada\/wp-json\/wp\/v2\/tags?post=1701"}],"curies":[{"name":"wp","href":"https:\/\/api.w.org\/{rel}","templated":true}]}}