{"id":17006,"date":"2026-02-05T21:30:33","date_gmt":"2026-02-06T00:30:33","guid":{"rendered":"https:\/\/hostnetart.com.br\/baixada\/itau-confirma-pagamento-da-segunda-parcela-da-plr-em-27-de-fevereiro\/"},"modified":"2026-02-05T21:30:33","modified_gmt":"2026-02-06T00:30:33","slug":"itau-confirma-pagamento-da-segunda-parcela-da-plr-em-27-de-fevereiro","status":"publish","type":"post","link":"https:\/\/hostnetart.com.br\/baixada\/itau-confirma-pagamento-da-segunda-parcela-da-plr-em-27-de-fevereiro\/","title":{"rendered":"Ita\u00fa confirma pagamento da segunda parcela da PLR em 27 de fevereiro"},"content":{"rendered":"<p>Atendendo a um of\u00edcio enviado pela Contraf-CUT a todos os bancos reivindicando a antecipa\u00e7\u00e3o, o Ita\u00fa informou que efetuar\u00e1 o pagamento da segunda parcela da Participa\u00e7\u00e3o nos Lucros e Resultados (PLR) no dia 27 de fevereiro.<\/p>\n<p>O valor a ser creditado aos banc\u00e1rios do Ita\u00fa corresponde \u00e0 segunda parcela da PLR referente ao exerc\u00edcio de 2025, j\u00e1 com o desconto do montante pago como antecipa\u00e7\u00e3o em setembro do ano passado.<\/p>\n<p>Al\u00e9m da PLR, os trabalhadores tamb\u00e9m poder\u00e3o receber, na mesma data, eventuais diferen\u00e7as relacionadas ao pagamento do Programa Complementar de Resultados (PCR), cujo cr\u00e9dito inicial foi realizado em setembro de 2025.<\/p>\n<p>A Contraf-CUT e a COE Ita\u00fa seguem acompanhando o processo para garantir que os valores sejam pagos corretamente e dentro do prazo informado pelo banco. \u201cEsse pagamento \u00e9 resultado da cobran\u00e7a permanente do movimento sindical para que os direitos dos banc\u00e1rios sejam respeitados. Seguiremos atentos para garantir transpar\u00eancia nos c\u00e1lculos e o correto repasse da PLR e de poss\u00edveis diferen\u00e7as do PCR aos trabalhadores do Ita\u00fa\u201d, afirmou Maria Izabel Menezes, coordenadora da COE Ita\u00fa.<\/p>\n<p><b>Fonte: Contraf-CUT<\/b><\/p>\n","protected":false},"excerpt":{"rendered":"<p>Atendendo a um of\u00edcio enviado pela Contraf-CUT a todos os bancos reivindicando a antecipa\u00e7\u00e3o, o Ita\u00fa informou que efetuar\u00e1 o pagamento da segunda parcela da Participa\u00e7\u00e3o nos Lucros e Resultados (PLR) no dia 27 de fevereiro. O valor a ser creditado aos banc\u00e1rios do Ita\u00fa corresponde \u00e0 segunda parcela da PLR referente ao exerc\u00edcio de [&hellip;]<\/p>\n","protected":false},"author":2,"featured_media":17005,"comment_status":"","ping_status":"","sticky":false,"template":"","format":"standard","meta":{"footnotes":""},"categories":[3],"tags":[],"class_list":["post-17006","post","type-post","status-publish","format-standard","has-post-thumbnail","hentry","category-noticias"],"_links":{"self":[{"href":"https:\/\/hostnetart.com.br\/baixada\/wp-json\/wp\/v2\/posts\/17006","targetHints":{"allow":["GET"]}}],"collection":[{"href":"https:\/\/hostnetart.com.br\/baixada\/wp-json\/wp\/v2\/posts"}],"about":[{"href":"https:\/\/hostnetart.com.br\/baixada\/wp-json\/wp\/v2\/types\/post"}],"author":[{"embeddable":true,"href":"https:\/\/hostnetart.com.br\/baixada\/wp-json\/wp\/v2\/users\/2"}],"replies":[{"embeddable":true,"href":"https:\/\/hostnetart.com.br\/baixada\/wp-json\/wp\/v2\/comments?post=17006"}],"version-history":[{"count":0,"href":"https:\/\/hostnetart.com.br\/baixada\/wp-json\/wp\/v2\/posts\/17006\/revisions"}],"wp:featuredmedia":[{"embeddable":true,"href":"https:\/\/hostnetart.com.br\/baixada\/wp-json\/wp\/v2\/media\/17005"}],"wp:attachment":[{"href":"https:\/\/hostnetart.com.br\/baixada\/wp-json\/wp\/v2\/media?parent=17006"}],"wp:term":[{"taxonomy":"category","embeddable":true,"href":"https:\/\/hostnetart.com.br\/baixada\/wp-json\/wp\/v2\/categories?post=17006"},{"taxonomy":"post_tag","embeddable":true,"href":"https:\/\/hostnetart.com.br\/baixada\/wp-json\/wp\/v2\/tags?post=17006"}],"curies":[{"name":"wp","href":"https:\/\/api.w.org\/{rel}","templated":true}]}}