{"id":17004,"date":"2026-02-05T21:27:32","date_gmt":"2026-02-06T00:27:32","guid":{"rendered":"https:\/\/hostnetart.com.br\/baixada\/abertas-as-inscricoes-para-o-curso-paternidade-e-maternidade-com-relacoes-compartilhadas\/"},"modified":"2026-02-05T21:27:32","modified_gmt":"2026-02-06T00:27:32","slug":"abertas-as-inscricoes-para-o-curso-paternidade-e-maternidade-com-relacoes-compartilhadas","status":"publish","type":"post","link":"https:\/\/hostnetart.com.br\/baixada\/abertas-as-inscricoes-para-o-curso-paternidade-e-maternidade-com-relacoes-compartilhadas\/","title":{"rendered":"Abertas as inscri\u00e7\u00f5es para o curso &#8220;Paternidade e Maternidade com Rela\u00e7\u00f5es Compartilhadas&#8221;"},"content":{"rendered":"<p>\u00a0<\/p>\n<p>Est\u00e3o abertas as inscri\u00e7\u00f5es para a nova turma do curso &#8220;Paternidade e Maternidade com Rela\u00e7\u00f5es Compartilhadas&#8221;. As aulas, ao vivo e online, ser\u00e3o de 23 a 26 de fevereiro (segunda a quinta), das 19h30 \u00e0s 21h30.<\/p>\n<p><a href=\"https:\/\/loja.spbancarios.com.br\/produto\/paternidade-responsavel\/?_gl=1*tllorr*_gcl_au*NDQxMTA5MTY1LjE3NjM1NTY0Njg.*_ga*MzI4ODk4NjMxLjE3MDU5Mjk1NjM.*_ga_T1YR283R0X*czE3NzAzMDAxMjQkbzE4JGcxJHQxNzcwMzAwMzA0JGo0NCRsMCRoMA..\" target=\"_blank\" rel=\"noopener noreferrer\"><strong>Clique aqui<\/strong><\/a> e fa\u00e7a sua inscri\u00e7\u00e3o.<\/p>\n<p>Al\u00e9m preparar papais e mam\u00e3es nos cuidados pr\u00e1ticos com o rec\u00e9m-nascido, como troca de fraldas, colocar para dormir, manobra de desengasgo e cuidados p\u00f3s-mamada, o curso aborda os desafios da fam\u00edlia com a chegada do novo integrante, incluindo depress\u00e3o p\u00f3s-parto, respeito \u00e0 condi\u00e7\u00e3o biol\u00f3gica e psicol\u00f3gica da mulher e o papel do pai na educa\u00e7\u00e3o da crian\u00e7a.<\/p>\n<p>Promovido pelo Centro de Forma\u00e7\u00e3o Profissional 28 de Agosto, o curso \u00e9 voltado para todos os p\u00fablicos pelo valor de R$ 280, mas banc\u00e1rios e banc\u00e1rias, s\u00f3cios de sindicatos da base da Contraf-CUT, pagam apenas R$ 180.<\/p>\n<p>O curso tamb\u00e9m \u00e9 pr\u00e9-requisito para que os banc\u00e1rios tenham direito \u00e0 licen\u00e7a paternidade ampliada de 20 dias. A conquista obtida pela categoria em Campanha Nacional, entretanto, \u00e9 regra apenas para alguns bancos.<\/p>\n<h2>Programa do curso:<\/h2>\n<p><strong>Aula 1 \u2013 Paternidade e os desafios para a fam\u00edlia<\/strong><\/p>\n<ul>\n<li>Acolhida dos participantes e apresenta\u00e7\u00e3o geral do curso<\/li>\n<li>Abordagem psicol\u00f3gica sobre o momento na vida do pai<\/li>\n<li>Desafios para a fam\u00edlia com a chegada de um novo membro<\/li>\n<li>Depress\u00e3o p\u00f3s-parto e seus efeitos<\/li>\n<li>Respeito \u00e0 condi\u00e7\u00e3o biol\u00f3gica e psicol\u00f3gica da mulher<\/li>\n<li>Bater funciona?<\/li>\n<li>O contato das crian\u00e7as com as telas<\/li>\n<\/ul>\n<p><strong>Aula 2 \u2013 O ato de educar: pais e m\u00e3es comprometidos<\/strong><\/p>\n<ul>\n<li>O que \u00e9 Educa\u00e7\u00e3o<\/li>\n<li>Qual o papel do pai na educa\u00e7\u00e3o da crian\u00e7a<\/li>\n<li>Qual a intera\u00e7\u00e3o necess\u00e1ria entre pai e m\u00e3e na condu\u00e7\u00e3o do processo educativo da crian\u00e7a?<\/li>\n<li>Quais os sentidos de colocar limites e fazer combinados com uma crian\u00e7a?<\/li>\n<li>Como o tempo e a qualidade do tempo pode interferir na educa\u00e7\u00e3o<\/li>\n<\/ul>\n<p><strong>Aula 3 \u2013 Cuidados pr\u00e1ticos com o rec\u00e9m-nascido<\/strong><\/p>\n<ul>\n<li>Pr\u00e9-parto e dia do parto<\/li>\n<li>Banho<\/li>\n<li>Troca de fraldas<\/li>\n<li>Amamenta\u00e7\u00e3o e p\u00f3s-mamada<\/li>\n<li>Manobras de desengasgo<\/li>\n<li>Como carregar<\/li>\n<li>Como colocar para dormir<\/li>\n<li>Outras orienta\u00e7\u00f5es<\/li>\n<\/ul>\n<p><strong>Aula 4 \u2013 Rela\u00e7\u00f5es contempor\u00e2neas e o redimensionamento do papel dos pais<\/strong><br \/>Di\u00e1logo sobre o papel do homem e da mulher na sociedade contempor\u00e2nea. A paternidade como uma grande oportunidade de potencializar o desenvolvimento da crian\u00e7a e de uma fam\u00edlia com mais equidade.<\/p>\n<p><b>Fonte: Contraf-CUT<\/b><\/p>\n","protected":false},"excerpt":{"rendered":"<p>\u00a0 Est\u00e3o abertas as inscri\u00e7\u00f5es para a nova turma do curso &#8220;Paternidade e Maternidade com Rela\u00e7\u00f5es Compartilhadas&#8221;. As aulas, ao vivo e online, ser\u00e3o de 23 a 26 de fevereiro (segunda a quinta), das 19h30 \u00e0s 21h30. Clique aqui e fa\u00e7a sua inscri\u00e7\u00e3o. Al\u00e9m preparar papais e mam\u00e3es nos cuidados pr\u00e1ticos com o rec\u00e9m-nascido, como [&hellip;]<\/p>\n","protected":false},"author":2,"featured_media":17003,"comment_status":"","ping_status":"","sticky":false,"template":"","format":"standard","meta":{"footnotes":""},"categories":[3],"tags":[],"class_list":["post-17004","post","type-post","status-publish","format-standard","has-post-thumbnail","hentry","category-noticias"],"_links":{"self":[{"href":"https:\/\/hostnetart.com.br\/baixada\/wp-json\/wp\/v2\/posts\/17004","targetHints":{"allow":["GET"]}}],"collection":[{"href":"https:\/\/hostnetart.com.br\/baixada\/wp-json\/wp\/v2\/posts"}],"about":[{"href":"https:\/\/hostnetart.com.br\/baixada\/wp-json\/wp\/v2\/types\/post"}],"author":[{"embeddable":true,"href":"https:\/\/hostnetart.com.br\/baixada\/wp-json\/wp\/v2\/users\/2"}],"replies":[{"embeddable":true,"href":"https:\/\/hostnetart.com.br\/baixada\/wp-json\/wp\/v2\/comments?post=17004"}],"version-history":[{"count":0,"href":"https:\/\/hostnetart.com.br\/baixada\/wp-json\/wp\/v2\/posts\/17004\/revisions"}],"wp:featuredmedia":[{"embeddable":true,"href":"https:\/\/hostnetart.com.br\/baixada\/wp-json\/wp\/v2\/media\/17003"}],"wp:attachment":[{"href":"https:\/\/hostnetart.com.br\/baixada\/wp-json\/wp\/v2\/media?parent=17004"}],"wp:term":[{"taxonomy":"category","embeddable":true,"href":"https:\/\/hostnetart.com.br\/baixada\/wp-json\/wp\/v2\/categories?post=17004"},{"taxonomy":"post_tag","embeddable":true,"href":"https:\/\/hostnetart.com.br\/baixada\/wp-json\/wp\/v2\/tags?post=17004"}],"curies":[{"name":"wp","href":"https:\/\/api.w.org\/{rel}","templated":true}]}}