{"id":17002,"date":"2026-02-05T21:26:38","date_gmt":"2026-02-06T00:26:38","guid":{"rendered":"https:\/\/hostnetart.com.br\/baixada\/santander-confirma-pagamento-da-plr-em-27-de-fevereiro-apos-oficio-da-contraf-cut\/"},"modified":"2026-02-05T21:26:38","modified_gmt":"2026-02-06T00:26:38","slug":"santander-confirma-pagamento-da-plr-em-27-de-fevereiro-apos-oficio-da-contraf-cut","status":"publish","type":"post","link":"https:\/\/hostnetart.com.br\/baixada\/santander-confirma-pagamento-da-plr-em-27-de-fevereiro-apos-oficio-da-contraf-cut\/","title":{"rendered":"Santander confirma pagamento da PLR em 27 de fevereiro ap\u00f3s of\u00edcio da Contraf-CUT"},"content":{"rendered":"<\/p>\n<h2>Atendendo a um of\u00edcio enviado pela Contraf-CUT a todos os bancos reivindicando a antecipa\u00e7\u00e3o, o Banco Santander confirmou que realizar\u00e1 o pagamento da segunda parcela da Participa\u00e7\u00e3o nos Lucros e Resultados (PLR) no dia 27 de fevereiro, juntamente com a folha salarial do m\u00eas, a remunera\u00e7\u00e3o semestral (PPE) e os valores referentes ao segundo semestre.<\/p>\n<p>Al\u00e9m da segunda parcela da PLR, os empregados do Santander tamb\u00e9m receber\u00e3o o Programa Pr\u00f3prio de Resultados Santander (PPRS), incluindo a parcela adicional, cujo valor foi reajustado para o pagamento deste ano para de R$ 3880,84.<\/p>\n<p>Neste ano, o cr\u00e9dito do dia 27 reunir\u00e1 tr\u00eas importantes pagamentos: a PLR, a PPRS e o PPE, al\u00e9m da folha de fevereiro, garantindo um refor\u00e7o significativo na remunera\u00e7\u00e3o dos trabalhadores eleg\u00edveis.<\/p>\n<p>A PPRS \u00e9 uma conquista hist\u00f3rica do movimento sindical, garantida no Acordo Coletivo de Trabalho (ACT) do Santander, vigente no per\u00edodo de 2024 a 2026 (at\u00e9 31 de agosto de 2026), refor\u00e7ando o compromisso com a distribui\u00e7\u00e3o dos resultados e a valoriza\u00e7\u00e3o dos empregados. \u201cOs pagamentos da PLR e da PPRS representam importantes conquistas dos trabalhadores, garantidas na Conven\u00e7\u00e3o Coletiva de Trabalho e no ACT do Santander, resultados da nossa luta permanente, assegurando que os banc\u00e1rios participem dos lucros que ajudam a construir. Seguiremos atentos para garantir o cumprimento integral desses direitos\u201d, afirmou Wanessa de Queiroz, coordenadora da COE Santander.<\/h2>\n<p><b>Fonte: Contraf-CUT<\/b><\/p>\n","protected":false},"excerpt":{"rendered":"<p>Atendendo a um of\u00edcio enviado pela Contraf-CUT a todos os bancos reivindicando a antecipa\u00e7\u00e3o, o Banco Santander confirmou que realizar\u00e1 o pagamento da segunda parcela da Participa\u00e7\u00e3o nos Lucros e Resultados (PLR) no dia 27 de fevereiro, juntamente com a folha salarial do m\u00eas, a remunera\u00e7\u00e3o semestral (PPE) e os valores referentes ao segundo semestre. [&hellip;]<\/p>\n","protected":false},"author":2,"featured_media":17001,"comment_status":"","ping_status":"","sticky":false,"template":"","format":"standard","meta":{"footnotes":""},"categories":[3],"tags":[],"class_list":["post-17002","post","type-post","status-publish","format-standard","has-post-thumbnail","hentry","category-noticias"],"_links":{"self":[{"href":"https:\/\/hostnetart.com.br\/baixada\/wp-json\/wp\/v2\/posts\/17002","targetHints":{"allow":["GET"]}}],"collection":[{"href":"https:\/\/hostnetart.com.br\/baixada\/wp-json\/wp\/v2\/posts"}],"about":[{"href":"https:\/\/hostnetart.com.br\/baixada\/wp-json\/wp\/v2\/types\/post"}],"author":[{"embeddable":true,"href":"https:\/\/hostnetart.com.br\/baixada\/wp-json\/wp\/v2\/users\/2"}],"replies":[{"embeddable":true,"href":"https:\/\/hostnetart.com.br\/baixada\/wp-json\/wp\/v2\/comments?post=17002"}],"version-history":[{"count":0,"href":"https:\/\/hostnetart.com.br\/baixada\/wp-json\/wp\/v2\/posts\/17002\/revisions"}],"wp:featuredmedia":[{"embeddable":true,"href":"https:\/\/hostnetart.com.br\/baixada\/wp-json\/wp\/v2\/media\/17001"}],"wp:attachment":[{"href":"https:\/\/hostnetart.com.br\/baixada\/wp-json\/wp\/v2\/media?parent=17002"}],"wp:term":[{"taxonomy":"category","embeddable":true,"href":"https:\/\/hostnetart.com.br\/baixada\/wp-json\/wp\/v2\/categories?post=17002"},{"taxonomy":"post_tag","embeddable":true,"href":"https:\/\/hostnetart.com.br\/baixada\/wp-json\/wp\/v2\/tags?post=17002"}],"curies":[{"name":"wp","href":"https:\/\/api.w.org\/{rel}","templated":true}]}}