{"id":1700,"date":"2013-11-12T00:00:00","date_gmt":"2013-11-12T02:00:00","guid":{"rendered":"https:\/\/hostnetart.com.br\/baixada\/trabalhadores-vao-as-ruas-nesta-terca-pelo-fim-do-fator-previdenciario\/"},"modified":"2013-11-12T00:00:00","modified_gmt":"2013-11-12T02:00:00","slug":"trabalhadores-vao-as-ruas-nesta-terca-pelo-fim-do-fator-previdenciario","status":"publish","type":"post","link":"https:\/\/hostnetart.com.br\/baixada\/trabalhadores-vao-as-ruas-nesta-terca-pelo-fim-do-fator-previdenciario\/","title":{"rendered":"Trabalhadores v\u00e3o \u00e0s ruas nesta ter\u00e7a pelo fim do fator previdenci\u00e1rio"},"content":{"rendered":"<p>Trabalhadores em todo o pa\u00eds realizam Dia Nacional de Mobiliza\u00e7\u00e3o nesta ter\u00e7a-feira 12 pelo fim do fator previdenci\u00e1rio e pela corre\u00e7\u00e3o da tabela do Imposto de Renda da Pessoa F\u00edsica. Em S\u00e3o Paulo, os manifestantes se concentrar\u00e3o na Pra\u00e7a da S\u00e9, no Centro e, por volta das 10h, seguem em passeata at\u00e9 a sede do INSS, no Viaduto Santa Ifig\u00eania.<\/p>\n<p>\u00a0<\/p>\n<p>\u201cOs banc\u00e1rios estar\u00e3o presentes nessa manifesta\u00e7\u00e3o e \u00e9 importante que todos participem. Estamos lutando para acabar com o fator previdenci\u00e1rio que tanto prejudica os brasileiros, principalmente os que entram no mercado ainda muito jovens, o que \u00e9 uma realidade no pa\u00eds\u201d, diz a presidenta do Sindicato dos Banc\u00e1rios de S\u00e3o Paulo, Juvandia Moreira.<\/p>\n<p>\u00a0<\/p>\n<p>Ela defende, ainda, que as pessoas comecem a trabalhar mais tarde, tendo assim a possibilidade de estudar e se preparar melhor. \u201cTamb\u00e9m vamos reivindicar a corre\u00e7\u00e3o da tabela do IR para que as conquistas que tivemos este ano, quando a categoria arrancou dos bancos 8% nos sal\u00e1rios e 8,5% nos pisos, n\u00e3o acabem sendo engolidas pelo le\u00e3o\u201d, acrescenta.<\/p>\n<p>\u00a0<\/p>\n<p>\u00a0<\/p>\n<p><strong>O que \u00e9 o fator\u00a0<\/strong><\/p>\n<p>\u00a0<\/p>\n<p>Os atos s\u00e3o organizados pela Central \u00danica dos Trabalhadores (CUT) e demais centrais sindicais. O presidente da CUT, o banc\u00e1rio Vagner Freitas, lembra que o fator previdenci\u00e1rio prejudica tanto aumentando o tempo de contribui\u00e7\u00e3o, quanto diminuindo o valor do benef\u00edcio.<\/p>\n<p>\u00a0<\/p>\n<p>O c\u00e1lculo matem\u00e1tico, que passou a ser adotado em 1999, reduz o benef\u00edcio de quem se aposenta por tempo de contribui\u00e7\u00e3o antes de atingir 65 anos de idade, para os homens, ou de atingir os 60 anos, no caso das mulheres.<\/p>\n<p>\u00a0<\/p>\n<p>\u201cA f\u00f3rmula criada no governo FHC \u00e9 nefasta para toda a classe trabalhadora, mas em especial para os mais pobres, que come\u00e7am a trabalhar mais cedo. Portanto \u00e9 obriga\u00e7\u00e3o nossa, em um governo popular democr\u00e1tico, acabar com isso\u201d, afirma Vagner.<\/p>\n<p>\u00a0<\/p>\n<p>O dirigente ressalta ainda que o fim do fator traria duas vantagens em curto prazo. \u201cPossibilitaria que grande n\u00famero de trabalhadores, que s\u00f3 n\u00e3o se aposentou ainda por conta do fator, pudessem fazer isto imediatamente. E em consequ\u00eancia, abriria imensa quantidade de vagas no mercado, aumentando o emprego formal.\u201d<\/p>\n<p>\u00a0<\/p>\n<p>\u00a0<\/p>\n<p><strong>Tabela do IR\u00a0<\/strong><\/p>\n<p>\u00a0<\/p>\n<p>Vagner tamb\u00e9m destaca que enquanto n\u00e3o se fizer uma reforma tribut\u00e1ria no pa\u00eds, a corre\u00e7\u00e3o da tabela do IR continuar\u00e1 sendo o mecanismo para se fazer justi\u00e7a fiscal. \u201cO que vivemos hoje no pa\u00eds \u00e9 uma injusti\u00e7a tribut\u00e1ria. Infelizmente os impostos n\u00e3o incidem em maior peso sobre as grandes fortunas, e sim sobre a renda que vem do trabalho. E j\u00e1 que n\u00e3o se taxam iates nem helic\u00f3pteros, mas sim os sal\u00e1rios, n\u00e3o \u00e9 justo que os ganhos das campanhas salariais sejam tributados, n\u00e3o sendo usufru\u00eddos. Essa \u00e9 outra obriga\u00e7\u00e3o desse governo.\u201d<\/p>\n<p>\u00a0<\/p>\n<p>Nos \u00faltimos anos, a classe trabalhadora vem conquistando reajustes salariais acima da infla\u00e7\u00e3o. \u00c9 o caso dos banc\u00e1rios que em 2013 tiveram aumento real de 1,82% nos sal\u00e1rio e de 2,29% nos pisos. Para que essas conquistas n\u00e3o sejam perdidas \u00e9 necess\u00e1rio que a tabela do IR seja reajustada todo ano, com base pelo menos na infla\u00e7\u00e3o do per\u00edodo, para que n\u00e3o pese sobre os sal\u00e1rios, principalmente os menores.<\/p>\n<p>\u00a0<\/p>\n<p>\u00a0<\/p>\n<p><strong>Entenda<\/strong><\/p>\n<p>\u00a0<\/p>\n<p>A tabela do IR ficou congelada entre 1996 a 2001. Foi corrigida em 2002, mas permaneceu inalterada em 2003 e 2004. A partir de 2005, os reajustes passaram a ser anuais, o que foi fruto da mobiliza\u00e7\u00e3o dos trabalhadores. Naquele ano ela foi corrigida em 10%. Em 2006, em 8%. E desde 2007, a corre\u00e7\u00e3o vem sendo de 4,5%.<\/p>\n<p>\u00a0<\/p>\n<p>Ainda assim, de janeiro de 1996 a janeiro de 2013, a tabela do IR acumula defasagem: foi corrigida em 89,96%, enquanto, no mesmo per\u00edodo, o \u00edndice de infla\u00e7\u00e3o (IPCA), calculado pelo IBGE, variou 206,29%. Acumula, portanto, defasagem de 61,24%. Se o per\u00edodo considerado for de janeiro de 2003 a dezembro de 2013, a defasagem na tabela do IR \u00e9 de 15,56%.<\/p>\n<p>\u00a0<\/p>\n<p>Fonte: Seeb S\u00e3o Paulo<\/p>\n","protected":false},"excerpt":{"rendered":"<p>Trabalhadores em todo o pa\u00eds realizam Dia Nacional de Mobiliza\u00e7\u00e3o nesta ter\u00e7a-feira 12 pelo fim do fator previdenci\u00e1rio e pela corre\u00e7\u00e3o da tabela do Imposto de Renda da Pessoa F\u00edsica. Em S\u00e3o Paulo, os manifestantes se concentrar\u00e3o na Pra\u00e7a da S\u00e9, no Centro e, por volta das 10h, seguem em passeata at\u00e9 a sede do [&hellip;]<\/p>\n","protected":false},"author":1,"featured_media":0,"comment_status":"","ping_status":"","sticky":false,"template":"","format":"standard","meta":{"footnotes":""},"categories":[3],"tags":[],"class_list":["post-1700","post","type-post","status-publish","format-standard","hentry","category-noticias"],"_links":{"self":[{"href":"https:\/\/hostnetart.com.br\/baixada\/wp-json\/wp\/v2\/posts\/1700","targetHints":{"allow":["GET"]}}],"collection":[{"href":"https:\/\/hostnetart.com.br\/baixada\/wp-json\/wp\/v2\/posts"}],"about":[{"href":"https:\/\/hostnetart.com.br\/baixada\/wp-json\/wp\/v2\/types\/post"}],"author":[{"embeddable":true,"href":"https:\/\/hostnetart.com.br\/baixada\/wp-json\/wp\/v2\/users\/1"}],"replies":[{"embeddable":true,"href":"https:\/\/hostnetart.com.br\/baixada\/wp-json\/wp\/v2\/comments?post=1700"}],"version-history":[{"count":0,"href":"https:\/\/hostnetart.com.br\/baixada\/wp-json\/wp\/v2\/posts\/1700\/revisions"}],"wp:attachment":[{"href":"https:\/\/hostnetart.com.br\/baixada\/wp-json\/wp\/v2\/media?parent=1700"}],"wp:term":[{"taxonomy":"category","embeddable":true,"href":"https:\/\/hostnetart.com.br\/baixada\/wp-json\/wp\/v2\/categories?post=1700"},{"taxonomy":"post_tag","embeddable":true,"href":"https:\/\/hostnetart.com.br\/baixada\/wp-json\/wp\/v2\/tags?post=1700"}],"curies":[{"name":"wp","href":"https:\/\/api.w.org\/{rel}","templated":true}]}}