{"id":1699,"date":"2013-11-11T00:00:00","date_gmt":"2013-11-11T02:00:00","guid":{"rendered":"https:\/\/hostnetart.com.br\/baixada\/contraf-cut-orienta-sindicatos-a-fiscalizarem-reclassificacao-de-faltas-no-bb\/"},"modified":"2013-11-11T00:00:00","modified_gmt":"2013-11-11T02:00:00","slug":"contraf-cut-orienta-sindicatos-a-fiscalizarem-reclassificacao-de-faltas-no-bb","status":"publish","type":"post","link":"https:\/\/hostnetart.com.br\/baixada\/contraf-cut-orienta-sindicatos-a-fiscalizarem-reclassificacao-de-faltas-no-bb\/","title":{"rendered":"Contraf-CUT orienta sindicatos a fiscalizarem reclassifica\u00e7\u00e3o de faltas no BB"},"content":{"rendered":"<p>A Contraf-CUT orienta as entidades filiadas a alertarem os dirigentes sindicais e militantes do Banco do Brasil a fiscalizarem em todas as unidades do BB se os administradores fizeram a reclassifica\u00e7\u00e3o das faltas n\u00e3o abonadas e n\u00e3o justificadas em raz\u00e3o da luta, no primeiro semestre, contra o plano de fun\u00e7\u00f5es. A urg\u00eancia se justifica porque o banco fecha a folha de pagamento de novembro nesta sexta-feira 8.<br \/>A reclassifica\u00e7\u00e3o \u00e9 uma conquista da Campanha Nacional dos Banc\u00e1rios 2013. Os administradores receberam comunicado da dire\u00e7\u00e3o da empresa nesta semana para fazerem a reclassifica\u00e7\u00e3o das faltas.<br \/>\u201c\u00c9 importante que todos os militantes fa\u00e7am essa checagem em todas as unidades, de modo a evitar que os companheiros que participaram da luta contra o plano de fun\u00e7\u00f5es sejam prejudicados\u201d, afirma William Mendes, secret\u00e1rio de Forma\u00e7\u00e3o da Contraf-CUT e coordenador da Comiss\u00e3o de Empresa dos Funcion\u00e1rios do BB.<\/p>\n<p>\u00a0<\/p>\n<p>\u00a0<\/p>\n<p><strong>Vigil\u00e2ncia contra persegui\u00e7\u00f5es<\/strong><\/p>\n<p>\u00a0<\/p>\n<p>A Contraf-CUT tamb\u00e9m orienta as entidades sindicais de todo o pa\u00eds a ficarem atentas a qualquer tipo de persegui\u00e7\u00e3o a banc\u00e1rios que participaram da greve da Campanha Nacional dos Banc\u00e1rios.<\/p>\n<p>\u00a0<\/p>\n<p><a href=\"http:\/\/www.contrafcut.org.br\/noticias.asp?CodNoticia=36363&amp;CodSubItem=5\" target=\"_blank\" rel=\"noopener noreferrer\">Veja aqui<\/a>\u00a0o que a Contraf-CUT, as federa\u00e7\u00f5es e sindicatos est\u00e3o fazendo para coibir a persegui\u00e7\u00e3o do banco aos grevistas.<\/p>\n<p>\u00a0<\/p>\n<p>\u00a0<\/p>\n<p><strong>Mesa tem\u00e1tica sobre Cassi e Previ<\/strong><\/p>\n<p>\u00a0<\/p>\n<p>Foi marcada para 27 de novembro, em Bras\u00edlia, a primeira reuni\u00e3o da mesa tem\u00e1tica sobre Cassi e Previ para tratar de coletas de dados e estudos sobre a quest\u00e3o dos incorporados dos bancos BEP, Besc e BNC.<\/p>\n<p>\u00a0<\/p>\n<p>A mesa tem\u00e1tica tamb\u00e9m foi conquista da Campanha Nacional dos Banc\u00e1rios 2013.<\/p>\n<p>\u00a0<\/p>\n<p>Fonte: Contraf-CUT<\/p>\n","protected":false},"excerpt":{"rendered":"<p>A Contraf-CUT orienta as entidades filiadas a alertarem os dirigentes sindicais e militantes do Banco do Brasil a fiscalizarem em todas as unidades do BB se os administradores fizeram a reclassifica\u00e7\u00e3o das faltas n\u00e3o abonadas e n\u00e3o justificadas em raz\u00e3o da luta, no primeiro semestre, contra o plano de fun\u00e7\u00f5es. A urg\u00eancia se justifica porque [&hellip;]<\/p>\n","protected":false},"author":1,"featured_media":1698,"comment_status":"","ping_status":"","sticky":false,"template":"","format":"standard","meta":{"footnotes":""},"categories":[3],"tags":[],"class_list":["post-1699","post","type-post","status-publish","format-standard","has-post-thumbnail","hentry","category-noticias"],"_links":{"self":[{"href":"https:\/\/hostnetart.com.br\/baixada\/wp-json\/wp\/v2\/posts\/1699","targetHints":{"allow":["GET"]}}],"collection":[{"href":"https:\/\/hostnetart.com.br\/baixada\/wp-json\/wp\/v2\/posts"}],"about":[{"href":"https:\/\/hostnetart.com.br\/baixada\/wp-json\/wp\/v2\/types\/post"}],"author":[{"embeddable":true,"href":"https:\/\/hostnetart.com.br\/baixada\/wp-json\/wp\/v2\/users\/1"}],"replies":[{"embeddable":true,"href":"https:\/\/hostnetart.com.br\/baixada\/wp-json\/wp\/v2\/comments?post=1699"}],"version-history":[{"count":0,"href":"https:\/\/hostnetart.com.br\/baixada\/wp-json\/wp\/v2\/posts\/1699\/revisions"}],"wp:featuredmedia":[{"embeddable":true,"href":"https:\/\/hostnetart.com.br\/baixada\/wp-json\/wp\/v2\/media\/1698"}],"wp:attachment":[{"href":"https:\/\/hostnetart.com.br\/baixada\/wp-json\/wp\/v2\/media?parent=1699"}],"wp:term":[{"taxonomy":"category","embeddable":true,"href":"https:\/\/hostnetart.com.br\/baixada\/wp-json\/wp\/v2\/categories?post=1699"},{"taxonomy":"post_tag","embeddable":true,"href":"https:\/\/hostnetart.com.br\/baixada\/wp-json\/wp\/v2\/tags?post=1699"}],"curies":[{"name":"wp","href":"https:\/\/api.w.org\/{rel}","templated":true}]}}