{"id":16986,"date":"2026-01-26T08:03:07","date_gmt":"2026-01-26T11:03:07","guid":{"rendered":"https:\/\/hostnetart.com.br\/baixada\/santander-abre-inscricoes-para-bolsas-de-estudos-a-funcionarios-ativos\/"},"modified":"2026-01-26T08:03:07","modified_gmt":"2026-01-26T11:03:07","slug":"santander-abre-inscricoes-para-bolsas-de-estudos-a-funcionarios-ativos","status":"publish","type":"post","link":"https:\/\/hostnetart.com.br\/baixada\/santander-abre-inscricoes-para-bolsas-de-estudos-a-funcionarios-ativos\/","title":{"rendered":"Santander abre inscri\u00e7\u00f5es para bolsas de estudos a funcion\u00e1rios ativos"},"content":{"rendered":"<\/p>\n<p>O Santander est\u00e1 com inscri\u00e7\u00f5es abertas para o programa de bolsas de estudos destinado exclusivamente aos funcion\u00e1rios ativos do banco. O benef\u00edcio contempla cursos de 1\u00aa gradua\u00e7\u00e3o e 1\u00aa p\u00f3s-gradua\u00e7\u00e3o\/MBA, nas modalidades presencial, semipresencial ou EAD, e \u00e9 resultado de uma conquista garantida no Acordo Coletivo de Trabalho (ACT) 2024\/2026, negociada pelo movimento sindical.<\/p>\n<p>Para participar, \u00e9 necess\u00e1rio que o empregado ou a empregada tenha no m\u00ednimo seis meses de empresa. A bolsa cobre at\u00e9 50% do valor da mensalidade, com limite de R$ 906,79 por m\u00eas.<\/p>\n<h2><strong>Cronograma<\/strong><\/h2>\n<ul>\n<li>Inscri\u00e7\u00f5es: de 15\/01a 20\/02<\/li>\n<li>Comunica\u00e7\u00e3o do resultado: 20\/03<\/li>\n<li>Envio de documentos: de 20\/03 a 24\/04<\/li>\n<li>Valida\u00e7\u00e3o e concess\u00e3o: a partir de 20\/03<\/li>\n<\/ul>\n<h2><strong>Como se inscrever<\/strong><\/h2>\n<p>Os funcion\u00e1rios que atendem aos requisitos devem realizar a inscri\u00e7\u00e3o pelo caminho:<\/p>\n<p>NOW &gt; Portal Pessoas &gt; Desenvolvimento e Carreira &gt; Educa\u00e7\u00e3o &gt; Bolsas de Estudos.<\/p>\n<p><strong>Para bolsa de 1\u00aa Gradua\u00e7\u00e3o:<\/strong><\/p>\n<ul>\n<li>Clicar em \u201cSolicitar Bolsa Gradua\u00e7\u00e3o\u201d e, em seguida, em \u201cSalvar\u201d.<\/li>\n<li>A mensagem \u201cSua inscri\u00e7\u00e3o foi realizada com sucesso\u201d confirmar\u00e1 o registro.<\/li>\n<\/ul>\n<p><strong>Para bolsa de 1\u00aa P\u00f3s-Gradua\u00e7\u00e3o:<\/strong><\/p>\n<ul>\n<li>Clicar em \u201cSolicitar Bolsa P\u00f3s-Gradua\u00e7\u00e3o\u201d.<\/li>\n<li>Inserir a data de conclus\u00e3o da gradua\u00e7\u00e3o e clicar em \u201cSalvar\u201d.<\/li>\n<li>A mensagem \u201cSua inscri\u00e7\u00e3o foi realizada com sucesso\u201d confirmar\u00e1 o registro.<\/li>\n<\/ul>\n<p>O resultado do processo ser\u00e1 enviado diretamente para o e-mail do funcion\u00e1rio.<\/p>\n<h2><strong>Conquista da categoria<\/strong><\/h2>\n<p>Para a coordenadora da COE Santander, Wanessa Queiroz, as bolsas refor\u00e7am a import\u00e2ncia da negocia\u00e7\u00e3o coletiva para garantir direitos e oportunidades aos trabalhadores do banco. \u201cAs bolsas de estudos representam uma importante conquista dos funcion\u00e1rios e funcion\u00e1rias do banco Santander no Brasil, garantida por meio do ACT 2024\/2026. \u00c9 fundamental que os empregados invistam na sua forma\u00e7\u00e3o profissional e aproveitem este incentivo, fruto das bolsas de estudos negociadas com o movimento sindical.\u201d<\/p>\n<p>A Contraf-CUT refor\u00e7a a orienta\u00e7\u00e3o para que os banc\u00e1rios e banc\u00e1rias fiquem atentos aos prazos e aproveitem o benef\u00edcio, que contribui para a qualifica\u00e7\u00e3o profissional e valoriza\u00e7\u00e3o da categoria.<\/p>\n<p><strong>Fonte: Contraf-CUT<\/strong><\/p>\n","protected":false},"excerpt":{"rendered":"<p>O Santander est\u00e1 com inscri\u00e7\u00f5es abertas para o programa de bolsas de estudos destinado exclusivamente aos funcion\u00e1rios ativos do banco. O benef\u00edcio contempla cursos de 1\u00aa gradua\u00e7\u00e3o e 1\u00aa p\u00f3s-gradua\u00e7\u00e3o\/MBA, nas modalidades presencial, semipresencial ou EAD, e \u00e9 resultado de uma conquista garantida no Acordo Coletivo de Trabalho (ACT) 2024\/2026, negociada pelo movimento sindical. Para [&hellip;]<\/p>\n","protected":false},"author":2,"featured_media":16985,"comment_status":"","ping_status":"","sticky":false,"template":"","format":"standard","meta":{"footnotes":""},"categories":[3],"tags":[],"class_list":["post-16986","post","type-post","status-publish","format-standard","has-post-thumbnail","hentry","category-noticias"],"_links":{"self":[{"href":"https:\/\/hostnetart.com.br\/baixada\/wp-json\/wp\/v2\/posts\/16986","targetHints":{"allow":["GET"]}}],"collection":[{"href":"https:\/\/hostnetart.com.br\/baixada\/wp-json\/wp\/v2\/posts"}],"about":[{"href":"https:\/\/hostnetart.com.br\/baixada\/wp-json\/wp\/v2\/types\/post"}],"author":[{"embeddable":true,"href":"https:\/\/hostnetart.com.br\/baixada\/wp-json\/wp\/v2\/users\/2"}],"replies":[{"embeddable":true,"href":"https:\/\/hostnetart.com.br\/baixada\/wp-json\/wp\/v2\/comments?post=16986"}],"version-history":[{"count":0,"href":"https:\/\/hostnetart.com.br\/baixada\/wp-json\/wp\/v2\/posts\/16986\/revisions"}],"wp:featuredmedia":[{"embeddable":true,"href":"https:\/\/hostnetart.com.br\/baixada\/wp-json\/wp\/v2\/media\/16985"}],"wp:attachment":[{"href":"https:\/\/hostnetart.com.br\/baixada\/wp-json\/wp\/v2\/media?parent=16986"}],"wp:term":[{"taxonomy":"category","embeddable":true,"href":"https:\/\/hostnetart.com.br\/baixada\/wp-json\/wp\/v2\/categories?post=16986"},{"taxonomy":"post_tag","embeddable":true,"href":"https:\/\/hostnetart.com.br\/baixada\/wp-json\/wp\/v2\/tags?post=16986"}],"curies":[{"name":"wp","href":"https:\/\/api.w.org\/{rel}","templated":true}]}}