{"id":16974,"date":"2026-01-09T14:39:59","date_gmt":"2026-01-09T17:39:59","guid":{"rendered":"https:\/\/hostnetart.com.br\/baixada\/sindicato-realiza-ato-pelo-dia-nacional-de-luta-na-caixa\/"},"modified":"2026-01-09T14:39:59","modified_gmt":"2026-01-09T17:39:59","slug":"sindicato-realiza-ato-pelo-dia-nacional-de-luta-na-caixa","status":"publish","type":"post","link":"https:\/\/hostnetart.com.br\/baixada\/sindicato-realiza-ato-pelo-dia-nacional-de-luta-na-caixa\/","title":{"rendered":"Sindicato realiza ato pelo Dia Nacional de Luta na Caixa"},"content":{"rendered":"<p>Nesta sexta-feira, 9 de janeiro, o Sindicato dos Banc\u00e1rios da Baixada Fluminense realizou um ato pelo Dia Nacional de Luta contra o fechamento das ag\u00eancias na Caixa Econ\u00f4mica Federal e por mudan\u00e7as nas regras do Super Caixa.<\/p>\n<p>A manifesta\u00e7\u00e3o ocorreu em Nova Igua\u00e7u, e corrobora com os atos que ir\u00e3o ocorrer, em todo o pa\u00eds, na pr\u00f3xima segunda-feira (12\/1).<\/p>\n<p><strong>165 ANOS DE CAIXA<\/strong><\/p>\n<p>A Caixa Econ\u00f4mica Federal alcan\u00e7a seus 165 anos no dia 12 de janeiro, em grande medida, gra\u00e7as \u00e0 resist\u00eancia, unidade e luta das empregadas e dos empregados na defesa do banco como um banco p\u00fablico e necess\u00e1rio ao desenvolvimento do pa\u00eds.<\/p>\n<p>Foi a articula\u00e7\u00e3o do movimento sindical trabalhista, de suas empregadas e empregados, que, ao longo de anos, impediu que a Caixa fosse enfraquecida permitindo que, hoje, o banco p\u00fablico continue fazendo parte do dia a dia da vida de todos os brasileiros e como principal respons\u00e1vel pela opera\u00e7\u00e3o dos programas sociais do Governo Federal.<\/p>\n<p>Al\u00e9m de responder por 70% do financiamento imobili\u00e1rio do pa\u00eds e gest\u00e3o das Lot\u00e9ricas, s\u00f3 no 1\u00ba semestre de 2025, o banco havia pago R$ 229,8 bilh\u00f5es em programas sociais, sendo R$ 89 bilh\u00f5es com benef\u00edcios do INSS, R$ 81,4 bilh\u00f5es no Bolsa Fam\u00edlia, R$ 31,1 bilh\u00f5es no Seguro-desemprego, R$ 17,7 bilh\u00f5es no abono salarial e R$ 6,4 bilh\u00f5es no P\u00e9-de-Meia. Em termos de n\u00fameros de vidas impactadas, foram 56 milh\u00f5es de beneficiados, sendo 20,8 milh\u00f5es s\u00f3 no Bolsa Fam\u00edlia.<\/p>\n<p>Por tr\u00e1s desses grandes n\u00fameros, est\u00e1 o empenho di\u00e1rio dos empregados e empregadas da Caixa, que atendem toda essa popula\u00e7\u00e3o e que, nos \u00faltimos anos, resistem ao fechamento de ag\u00eancias &#8211; desde 2017, foram encerradas 196 (113 delas em 2024 e mais de 50 em 2025), impactando negativamente na economia local, a popula\u00e7\u00e3o e os pr\u00f3prios empregados, com transfer\u00eancias, descomissionamentos, perdas de gratifica\u00e7\u00f5es e redu\u00e7\u00f5es salariais.<\/p>\n<p><strong>DIA DE LUTA<\/strong><\/p>\n<p>\u00c9 por isso que, no dia 12 de janeiro, Sindicatos de todos o Brasil estar\u00e3o realizando o Dia Nacional de Luta, contra o fechamento das ag\u00eancias e por mudan\u00e7as nas regras do Super Caixa.<\/p>\n<p>Tamb\u00e9m est\u00e1 sendo distribu\u00eddo um informativo, o boletim Avante, com informa\u00e7\u00f5es importantes e pertinentes ao que vem ocorrendo no banco.<\/p>\n<p>Al\u00e9m destas atividades nas unidades, ag\u00eancias e departamentos, foram realizadas a\u00e7\u00f5es nas redes sociais, com a divulga\u00e7\u00e3o do abaixo-assinado &#8220;Vendeu, recebeu!&#8221;, dispon\u00edvel no link<br \/><a href=\"https:\/\/www.change.org\/p\/campanha-vendeu-recebeu\" target=\"_blank\" rel=\"noopener noreferrer\" data-saferedirecturl=\"https:\/\/www.google.com\/url?q=https:\/\/www.change.org\/p\/campanha-vendeu-recebeu&amp;source=gmail&amp;ust=1768055844745000&amp;usg=AOvVaw3hhCprcA_X6jpVGFypV59t\">https:\/\/www.change.org\/p\/campa<wbr \/>nha-vendeu-recebeu<\/a>.<\/p>\n<p><span style=\"text-decoration: underline;\">Defender a Caixa \u00e9 investir no futuro do pa\u00eds!<\/span><\/p>\n<p><img fetchpriority=\"high\" decoding=\"async\" class=\" size-full wp-image-16973\" src=\"https:\/\/hostnetart.com.br\/baixada\/wp-content\/uploads\/2026\/01\/foto-caixa.jpg\" alt=\"\" width=\"964\" height=\"725\" srcset=\"https:\/\/hostnetart.com.br\/baixada\/wp-content\/uploads\/2026\/01\/foto-caixa.jpg 964w, https:\/\/hostnetart.com.br\/baixada\/wp-content\/uploads\/2026\/01\/foto-caixa-600x451.jpg 600w, https:\/\/hostnetart.com.br\/baixada\/wp-content\/uploads\/2026\/01\/foto-caixa-768x578.jpg 768w\" sizes=\"(max-width: 964px) 100vw, 964px\" \/><\/p>\n","protected":false},"excerpt":{"rendered":"<p>Nesta sexta-feira, 9 de janeiro, o Sindicato dos Banc\u00e1rios da Baixada Fluminense realizou um ato pelo Dia Nacional de Luta contra o fechamento das ag\u00eancias na Caixa Econ\u00f4mica Federal e por mudan\u00e7as nas regras do Super Caixa. A manifesta\u00e7\u00e3o ocorreu em Nova Igua\u00e7u, e corrobora com os atos que ir\u00e3o ocorrer, em todo o pa\u00eds, [&hellip;]<\/p>\n","protected":false},"author":2,"featured_media":16972,"comment_status":"","ping_status":"","sticky":false,"template":"","format":"standard","meta":{"footnotes":""},"categories":[3],"tags":[],"class_list":["post-16974","post","type-post","status-publish","format-standard","has-post-thumbnail","hentry","category-noticias"],"_links":{"self":[{"href":"https:\/\/hostnetart.com.br\/baixada\/wp-json\/wp\/v2\/posts\/16974","targetHints":{"allow":["GET"]}}],"collection":[{"href":"https:\/\/hostnetart.com.br\/baixada\/wp-json\/wp\/v2\/posts"}],"about":[{"href":"https:\/\/hostnetart.com.br\/baixada\/wp-json\/wp\/v2\/types\/post"}],"author":[{"embeddable":true,"href":"https:\/\/hostnetart.com.br\/baixada\/wp-json\/wp\/v2\/users\/2"}],"replies":[{"embeddable":true,"href":"https:\/\/hostnetart.com.br\/baixada\/wp-json\/wp\/v2\/comments?post=16974"}],"version-history":[{"count":0,"href":"https:\/\/hostnetart.com.br\/baixada\/wp-json\/wp\/v2\/posts\/16974\/revisions"}],"wp:featuredmedia":[{"embeddable":true,"href":"https:\/\/hostnetart.com.br\/baixada\/wp-json\/wp\/v2\/media\/16972"}],"wp:attachment":[{"href":"https:\/\/hostnetart.com.br\/baixada\/wp-json\/wp\/v2\/media?parent=16974"}],"wp:term":[{"taxonomy":"category","embeddable":true,"href":"https:\/\/hostnetart.com.br\/baixada\/wp-json\/wp\/v2\/categories?post=16974"},{"taxonomy":"post_tag","embeddable":true,"href":"https:\/\/hostnetart.com.br\/baixada\/wp-json\/wp\/v2\/tags?post=16974"}],"curies":[{"name":"wp","href":"https:\/\/api.w.org\/{rel}","templated":true}]}}