{"id":16971,"date":"2026-01-08T12:26:43","date_gmt":"2026-01-08T15:26:43","guid":{"rendered":"https:\/\/hostnetart.com.br\/baixada\/fechamento-de-cerca-de-250-agencias-do-itau-provoca-caos-no-atendimento-e-sobrecarrega-bancarios-e-clientes\/"},"modified":"2026-01-08T12:26:43","modified_gmt":"2026-01-08T15:26:43","slug":"fechamento-de-cerca-de-250-agencias-do-itau-provoca-caos-no-atendimento-e-sobrecarrega-bancarios-e-clientes","status":"publish","type":"post","link":"https:\/\/hostnetart.com.br\/baixada\/fechamento-de-cerca-de-250-agencias-do-itau-provoca-caos-no-atendimento-e-sobrecarrega-bancarios-e-clientes\/","title":{"rendered":"Fechamento de cerca de 250 ag\u00eancias do Ita\u00fa provoca caos no atendimento e sobrecarrega banc\u00e1rios e clientes"},"content":{"rendered":"<\/p>\n<p>O fechamento em massa de ag\u00eancias promovido pelo Ita\u00fa Unibanco tem agravado a precariza\u00e7\u00e3o do atendimento banc\u00e1rio em todo o pa\u00eds. Ao todo, cerca de 250 ag\u00eancias est\u00e3o sendo encerradas, deixando a popula\u00e7\u00e3o sem acesso adequado aos servi\u00e7os e sobrecarregando as unidades remanescentes, principalmente nas periferias.<\/p>\n<p>Banc\u00e1rios relatam adoecimento, press\u00e3o constante e sobrecarga de trabalho, enquanto clientes enfrentam atendimento prec\u00e1rio. Fotos e relatos enviados por trabalhadores e pela popula\u00e7\u00e3o confirmam ag\u00eancias superlotadas e condi\u00e7\u00f5es incompat\u00edveis com a responsabilidade social de um banco que registra lucros bilion\u00e1rios ano ap\u00f3s ano.<\/p>\n<p>Segundo dados j\u00e1 divulgados pela Contraf-CUT, o Ita\u00fa confirmou o fechamento de 241 ag\u00eancias, restando ainda nove unidades em processo de encerramento. De acordo com o banco, do total de trabalhadores atingidos, 79% foram realocados, muitas vezes em condi\u00e7\u00f5es inadequadas; 3% pediram demiss\u00e3o devido \u00e0 press\u00e3o; e 18% foram desligados, n\u00famero alarmante diante da alta lucratividade do banco.<\/p>\n<p>Para a coordenadora da Comiss\u00e3o de Organiza\u00e7\u00e3o dos Empregados (COE) do Ita\u00fa, Valeska Pincovai, a pol\u00edtica de fechamento de ag\u00eancias aprofunda a exclus\u00e3o banc\u00e1ria e penaliza trabalhadores e clientes. \u201cO banco est\u00e1 fechando ag\u00eancias sem planejamento, deixando a popula\u00e7\u00e3o sem atendimento e jogando a sobrecarga para outras unidades que n\u00e3o t\u00eam estrutura nem funcion\u00e1rios suficientes. Nas periferias, as ag\u00eancias est\u00e3o completamente lotadas. \u00c9 uma situa\u00e7\u00e3o ca\u00f3tica, que adoece os banc\u00e1rios e desrespeita a popula\u00e7\u00e3o\u201d, afirmou.<\/p>\n<p>A Contraf-CUT alerta que o fechamento de ag\u00eancias afeta principalmente idosos, pessoas com defici\u00eancia e clientes que dependem do atendimento presencial. Diante desse cen\u00e1rio, a entidade orienta que a popula\u00e7\u00e3o registre reclama\u00e7\u00f5es nos Procons, denunciando a superlota\u00e7\u00e3o, a demora no atendimento e os preju\u00edzos causados pelo encerramento das unidades.<\/p>\n<p>*<em>com informa\u00e7\u00f5es da Contraf-CUT<\/em><\/p>\n","protected":false},"excerpt":{"rendered":"<p>O fechamento em massa de ag\u00eancias promovido pelo Ita\u00fa Unibanco tem agravado a precariza\u00e7\u00e3o do atendimento banc\u00e1rio em todo o pa\u00eds. Ao todo, cerca de 250 ag\u00eancias est\u00e3o sendo encerradas, deixando a popula\u00e7\u00e3o sem acesso adequado aos servi\u00e7os e sobrecarregando as unidades remanescentes, principalmente nas periferias. Banc\u00e1rios relatam adoecimento, press\u00e3o constante e sobrecarga de trabalho, [&hellip;]<\/p>\n","protected":false},"author":2,"featured_media":16970,"comment_status":"","ping_status":"","sticky":false,"template":"","format":"standard","meta":{"footnotes":""},"categories":[3],"tags":[],"class_list":["post-16971","post","type-post","status-publish","format-standard","has-post-thumbnail","hentry","category-noticias"],"_links":{"self":[{"href":"https:\/\/hostnetart.com.br\/baixada\/wp-json\/wp\/v2\/posts\/16971","targetHints":{"allow":["GET"]}}],"collection":[{"href":"https:\/\/hostnetart.com.br\/baixada\/wp-json\/wp\/v2\/posts"}],"about":[{"href":"https:\/\/hostnetart.com.br\/baixada\/wp-json\/wp\/v2\/types\/post"}],"author":[{"embeddable":true,"href":"https:\/\/hostnetart.com.br\/baixada\/wp-json\/wp\/v2\/users\/2"}],"replies":[{"embeddable":true,"href":"https:\/\/hostnetart.com.br\/baixada\/wp-json\/wp\/v2\/comments?post=16971"}],"version-history":[{"count":0,"href":"https:\/\/hostnetart.com.br\/baixada\/wp-json\/wp\/v2\/posts\/16971\/revisions"}],"wp:featuredmedia":[{"embeddable":true,"href":"https:\/\/hostnetart.com.br\/baixada\/wp-json\/wp\/v2\/media\/16970"}],"wp:attachment":[{"href":"https:\/\/hostnetart.com.br\/baixada\/wp-json\/wp\/v2\/media?parent=16971"}],"wp:term":[{"taxonomy":"category","embeddable":true,"href":"https:\/\/hostnetart.com.br\/baixada\/wp-json\/wp\/v2\/categories?post=16971"},{"taxonomy":"post_tag","embeddable":true,"href":"https:\/\/hostnetart.com.br\/baixada\/wp-json\/wp\/v2\/tags?post=16971"}],"curies":[{"name":"wp","href":"https:\/\/api.w.org\/{rel}","templated":true}]}}