{"id":16965,"date":"2026-01-02T16:01:11","date_gmt":"2026-01-02T19:01:11","guid":{"rendered":"https:\/\/hostnetart.com.br\/baixada\/novo-act-do-saude-caixa-foi-assinado-quarta-feira-31\/"},"modified":"2026-01-02T16:01:11","modified_gmt":"2026-01-02T19:01:11","slug":"novo-act-do-saude-caixa-foi-assinado-quarta-feira-31","status":"publish","type":"post","link":"https:\/\/hostnetart.com.br\/baixada\/novo-act-do-saude-caixa-foi-assinado-quarta-feira-31\/","title":{"rendered":"Novo ACT do Sa\u00fade Caixa foi assinado quarta-feira (31)"},"content":{"rendered":"<\/p>\n<p>O aditivo ao Acordo Coletivo de Trabalho (ACT) espec\u00edfico do plano de sa\u00fade dos empregados e empregadas da Caixa Econ\u00f4mica Federal, o Sa\u00fade Caixa, foi oficialmente assinado na \u00faltima \u00a0quarta-feira (31\/12). A assinatura marca o fechamento das negocia\u00e7\u00f5es entre o banco e a Comiss\u00e3o Executiva dos Empregados (CEE), que assessora a Contraf-CUT e o Comando Nacional dos Banc\u00e1rios. O acordo negociado garante a continuidade do plano em condi\u00e7\u00f5es que preservam direitos fundamentais da categoria.<\/p>\n<p>\u201cA assinatura do aditivo ao ACT do Sa\u00fade Caixa representa n\u00e3o apenas a defesa de um dos mais importantes benef\u00edcios da categoria, mas tamb\u00e9m a vit\u00f3ria da organiza\u00e7\u00e3o e da mobiliza\u00e7\u00e3o coletiva contra aumentos abusivos e retrocessos\u201d, afirmou o secret\u00e1rio-geral da Contraf-CUT, Gustavo Tabatinga.<\/p>\n<h2><strong>Principais conquistas da negocia\u00e7\u00e3o<\/strong><\/h2>\n<ul>\n<li><strong>Reajuste zero nas mensalidades<\/strong><br \/>Conquistado pela mobiliza\u00e7\u00e3o e press\u00e3o da categoria, este \u00e9 um dos pontos centrais da negocia\u00e7\u00e3o, pois mant\u00e9m os percentuais pagos pelos trabalhadores e trabalhadoras e seus dependentes, preservando a participa\u00e7\u00e3o atual (3,5% sobre o sal\u00e1rio do titular e at\u00e9 R$ 480,00 por dependente). Esse resultado evita o repasse dos crescentes custos m\u00e9dicos e assistenciais ao bolso dos usu\u00e1rios em um contexto de forte infla\u00e7\u00e3o m\u00e9dica no pa\u00eds.<\/li>\n<\/ul>\n<ul>\n<li><strong>Preserva\u00e7\u00e3o do modelo de custeio e limites de participa\u00e7\u00e3o<\/strong><\/li>\n<\/ul>\n<p>O acordo mant\u00e9m as regras de coparticipa\u00e7\u00e3o e os limites m\u00e1ximos estabelecidos, como o teto anual de R$ 3.600,00 por grupo familiar e o pacto intergeracional e de mutualismo, pilares que garantem a sustentabilidade solid\u00e1ria do plano.<\/p>\n<p><strong>Amplia\u00e7\u00e3o da abrang\u00eancia do plano<\/strong><\/p>\n<p>Foi aprovada a possibilidade de inclus\u00e3o de filhos at\u00e9 27 anos como dependentes, ampliando a prote\u00e7\u00e3o das fam\u00edlias dos empregados e empregadas da Caixa.<\/p>\n<p><strong>Acordos complementares de custeio<\/strong><\/p>\n<p>A partir da assinatura do aditivo, as contribui\u00e7\u00f5es patronal e dos empregados incidentes sobre valores pagos em a\u00e7\u00f5es judiciais de natureza salarial ser\u00e3o vertidas ao Sa\u00fade Caixa, fortalecendo a base financeira do plano sem onerar ainda mais os usu\u00e1rios.<\/p>\n<p><strong>Compromissos para medidas estruturantes em 2026<\/strong><\/p>\n<p>O banco e a representa\u00e7\u00e3o dos trabalhadores definiram que, ao longo do ano que vem, ser\u00e3o debatidas medidas estruturantes para garantir sustentabilidade e qualifica\u00e7\u00e3o do plano, incluindo mesa permanente de negocia\u00e7\u00e3o, com retomada j\u00e1 prevista para fevereiro.<\/p>\n<h1><strong>Por que essa assinatura \u00e9 fundamental?<\/strong><\/h1>\n<p>A assinatura do ACT agora consolida um processo que come\u00e7ou com resist\u00eancia \u00e0 proposta da Caixa, que queria repassar d\u00e9ficits crescentes aos usu\u00e1rios. Neste caso, os valores a serem pagos pelos usu\u00e1rios poderia sofrer aumentos de at\u00e9 71% nas mensalidades, conforme proposta original do banco no in\u00edcio das negocia\u00e7\u00f5es. Com forte mobiliza\u00e7\u00e3o das bases sindicais e participa\u00e7\u00e3o massiva nas assembleias, a categoria impediu esse reajuste e assegurou prote\u00e7\u00e3o \u00e0 renda dos trabalhadores e trabalhadoras.<\/p>\n<p>Al\u00e9m disso, os dados apresentados pela Caixa sobre o desempenho financeiro do plano refor\u00e7am a import\u00e2ncia do acordo: proje\u00e7\u00f5es apontam d\u00e9ficit acumulado superior a R$ 560 milh\u00f5es em 2025, com despesas assistenciais em crescimento expressivo, confirmando que sem o novo ACT os custos seriam repassados aos usu\u00e1rios.<\/p>\n<h2><strong>Avan\u00e7os necess\u00e1rios<\/strong><\/h2>\n<p>\u201cA luta continua para consolidar avan\u00e7os estruturais que garantam a sustentabilidade do plano e os direitos dos empregados e empregadas da Caixa ao longo dos anos\u201d, ressaltou o coordenador da Comiss\u00e3o Executiva dos Empregados (CEE), Felipe Pacheco.<\/p>\n<ul>\n<li><strong>Fim do teto de gastos da Caixa com sa\u00fade (6,5% da folha)<\/strong><br \/>Embora o custeio 70\/30 esteja mantido no acordo, sua aplica\u00e7\u00e3o plena depende da elimina\u00e7\u00e3o do limite atual fixado no Estatuto Social da Caixa \u2013 um desafio central para fortalecer financeiramente o plano no longo prazo.<\/li>\n<\/ul>\n<p>\u00a0<\/p>\n<ul>\n<li><strong>Igualdade de direitos no p\u00f3s-aposentadoria para admitidos ap\u00f3s setembro de 2018<\/strong><br \/>A categoria seguir\u00e1 na luta para que os empregados admitidos a partir dessa data tenham os mesmos direitos \u00e0 manuten\u00e7\u00e3o do Sa\u00fade Caixa ap\u00f3s a aposentadoria que os colegas com mais tempo de banco.<br \/><strong>Melhoria da rede credenciada e governan\u00e7a<\/strong><br \/>A efetividade da gest\u00e3o do plano e a qualidade da rede de atendimento permanecem pontos de aten\u00e7\u00e3o, com reivindica\u00e7\u00f5es por maior transpar\u00eancia e participa\u00e7\u00e3o da categoria nos comit\u00eas de credenciamento e gest\u00e3o.<\/li>\n<\/ul>\n<p><strong>Fonte: Contraf-CUT<\/strong><\/p>\n","protected":false},"excerpt":{"rendered":"<p>O aditivo ao Acordo Coletivo de Trabalho (ACT) espec\u00edfico do plano de sa\u00fade dos empregados e empregadas da Caixa Econ\u00f4mica Federal, o Sa\u00fade Caixa, foi oficialmente assinado na \u00faltima \u00a0quarta-feira (31\/12). A assinatura marca o fechamento das negocia\u00e7\u00f5es entre o banco e a Comiss\u00e3o Executiva dos Empregados (CEE), que assessora a Contraf-CUT e o Comando [&hellip;]<\/p>\n","protected":false},"author":2,"featured_media":16964,"comment_status":"","ping_status":"","sticky":false,"template":"","format":"standard","meta":{"footnotes":""},"categories":[3],"tags":[],"class_list":["post-16965","post","type-post","status-publish","format-standard","has-post-thumbnail","hentry","category-noticias"],"_links":{"self":[{"href":"https:\/\/hostnetart.com.br\/baixada\/wp-json\/wp\/v2\/posts\/16965","targetHints":{"allow":["GET"]}}],"collection":[{"href":"https:\/\/hostnetart.com.br\/baixada\/wp-json\/wp\/v2\/posts"}],"about":[{"href":"https:\/\/hostnetart.com.br\/baixada\/wp-json\/wp\/v2\/types\/post"}],"author":[{"embeddable":true,"href":"https:\/\/hostnetart.com.br\/baixada\/wp-json\/wp\/v2\/users\/2"}],"replies":[{"embeddable":true,"href":"https:\/\/hostnetart.com.br\/baixada\/wp-json\/wp\/v2\/comments?post=16965"}],"version-history":[{"count":0,"href":"https:\/\/hostnetart.com.br\/baixada\/wp-json\/wp\/v2\/posts\/16965\/revisions"}],"wp:featuredmedia":[{"embeddable":true,"href":"https:\/\/hostnetart.com.br\/baixada\/wp-json\/wp\/v2\/media\/16964"}],"wp:attachment":[{"href":"https:\/\/hostnetart.com.br\/baixada\/wp-json\/wp\/v2\/media?parent=16965"}],"wp:term":[{"taxonomy":"category","embeddable":true,"href":"https:\/\/hostnetart.com.br\/baixada\/wp-json\/wp\/v2\/categories?post=16965"},{"taxonomy":"post_tag","embeddable":true,"href":"https:\/\/hostnetart.com.br\/baixada\/wp-json\/wp\/v2\/tags?post=16965"}],"curies":[{"name":"wp","href":"https:\/\/api.w.org\/{rel}","templated":true}]}}