{"id":16959,"date":"2025-12-16T21:46:56","date_gmt":"2025-12-17T00:46:56","guid":{"rendered":"https:\/\/hostnetart.com.br\/baixada\/coletivo-nacional-de-formacao-faz-balanco-do-ano-e-propoe-agenda-para-2026\/"},"modified":"2025-12-16T21:46:56","modified_gmt":"2025-12-17T00:46:56","slug":"coletivo-nacional-de-formacao-faz-balanco-do-ano-e-propoe-agenda-para-2026","status":"publish","type":"post","link":"https:\/\/hostnetart.com.br\/baixada\/coletivo-nacional-de-formacao-faz-balanco-do-ano-e-propoe-agenda-para-2026\/","title":{"rendered":"Coletivo Nacional de Forma\u00e7\u00e3o faz balan\u00e7o do ano e prop\u00f5e agenda para 2026"},"content":{"rendered":"<p>Na \u00faltima quinta-feira (11\/12), o Coletivo Nacional de Forma\u00e7\u00e3o da Confedera\u00e7\u00e3o Nacional dos Trabalhadores e das Trabalhadores do Ramo Financeiro (Contraf-CUT) realizou um encontro para discutir o balan\u00e7o das atividades de 2025 e preparar o calend\u00e1rio de atividades para 2026.<\/p>\n<section class=\"page-wrapper\">\n<div class=\"page-wrapper__container container\">\n<article class=\"article-content\">\n<section class=\"news-details\">\n<div class=\"news-details__body\">\n<div class=\"news-details__main-content\">\n<div class=\"news-details__main-text visible\">\n<p>A Diretora do Sindicato dos Banc\u00e1rios da Baixada Fluminense\u00a0e Diretora de Forma\u00e7\u00e3o Sindical da Federa\u00e7\u00e3o dos Trabalhadores do Ramo Financeiro dos Estados do Rio de Janeiro e Esp\u00edrito Santo (<strong>Fetraf RJ\/ES<\/strong>), <strong>Elizabeth Paradela<\/strong>, participou da reuni\u00e3o, virtualmente.<\/p>\n<p>Entre as a\u00e7\u00f5es em destaque, realizadas pelas entidades de v\u00e1rias partes do pa\u00eds e que comp\u00f5e o coletivo, est\u00e3o oficinas, semin\u00e1rios, cursos e at\u00e9 encontros mensais, relacionados a diversos temas, como pol\u00edtica, economia, sa\u00fade, meio ambiente, novas tecnologias (incluindo intelig\u00eancia artificial\/IA), m\u00eddias sociais e orat\u00f3ria.<\/p>\n<p>A Secretaria de Forma\u00e7\u00e3o da Contraf-CUT tamb\u00e9m apresentou seu balan\u00e7o, com destaque para a realiza\u00e7\u00e3o dos m\u00f3dulos I e II do Curso de Forma\u00e7\u00e3o Sindical para Dirigentes que, neste ano, alcan\u00e7ou a marca de 600 participantes em 10 federa\u00e7\u00f5es, de norte a sul do pa\u00eds.<\/p>\n<p><strong>\u201cEstamos muito satisfeitos com os resultados desse ano, uma vez que a forma\u00e7\u00e3o tem um papel essencial para a classe trabalhadora organizada, tanto no fortalecimento do conhecimento cr\u00edtico de nossa hist\u00f3ria, quanto para adaptar os dirigentes \u00e0s habilidades que hoje s\u00e3o necess\u00e1rias \u00e0s a\u00e7\u00f5es coletivas\u201d<\/strong>, observa Eliana Brasil, secret\u00e1ria de Forma\u00e7\u00e3o da Contraf-CUT, ao lembrar, em seguida, que neste ano o curso de forma\u00e7\u00e3o da Contraf-CUT chegou, <a href=\"https:\/\/contrafcut.com.br\/noticias\/curso-de-formacao-da-contra-cut-chega-a-rondonia\/\" target=\"_blank\" rel=\"noopener noreferrer\">pela primeira vez, \u00e0 regi\u00e3o Norte do pa\u00eds<\/a>, com a realiza\u00e7\u00e3o do 1\u00ba m\u00f3dulo para os dirigentes do Sindicato dos Banc\u00e1rios e Trabalhadores do Ramo Financeiro de Rond\u00f4nia (SEEB-RO).<\/p>\n<h2>Planos para 2026<\/h2>\n<p>Para construir o calend\u00e1rio das atividades do pr\u00f3ximo ano, o coletivo determinou, como li\u00e7\u00e3o de casa, <strong>que as federa\u00e7\u00f5es realizem um levantamento interno das demandas pelos m\u00f3dulos I e II<\/strong> do Curso de Forma\u00e7\u00e3o Sindical para Dirigentes.<\/p>\n<p><strong>\u201cCom essas informa\u00e7\u00f5es em m\u00e3os, sobre quais s\u00e3o os locais que desejam receber o m\u00f3dulo I, o m\u00f3dulo II, ou at\u00e9 ambos os m\u00f3dulos, vamos conseguir estabelecer o calend\u00e1rio final das atividades presenciais em 2026\u201d<\/strong>, explica o professor Jos\u00e9 Lu\u00eds Vasquinho Paredes, assessor da Contraf-CUT nas \u00e1reas de forma\u00e7\u00e3o e organiza\u00e7\u00e3o sindical.<\/p>\n<p>O grupo prop\u00f4s ainda a amplia\u00e7\u00e3o do Curso de Forma\u00e7\u00e3o para Dirigentes Sindicais com a inclus\u00e3o do m\u00f3dulo III, tendo como sugest\u00e3o a este m\u00f3dulo os temas \u201cferramentas de IA para comunica\u00e7\u00e3o sindical\u201d e \u201cpol\u00edtica partid\u00e1ria eleitoral\u201d. Por fim, o coletivo aprovou a retomada de oferta de cursos online em 2026.<\/p>\n<p>A seguir, veja o calend\u00e1rio provis\u00f3rio das atividades presenciais para o primeiro semestre de 2026:<\/p>\n<table class=\"Table\">\n<thead>\n<tr>\n<td><b>Data<\/b><\/td>\n<td><b>Atividade<\/b><\/td>\n<td><b>Local\/Entidade<\/b><\/td>\n<\/tr>\n<\/thead>\n<tbody>\n<tr>\n<td>15 e 16\/01<\/td>\n<td>Curso M\u00f3dulo II<\/td>\n<td>SEEB PB<\/td>\n<\/tr>\n<tr>\n<td>27 e 28\/02<\/td>\n<td>Curso M\u00f3dulo II<\/td>\n<td>SEEB Rond\u00f4nia<\/td>\n<\/tr>\n<tr>\n<td>05 e 06\/03<\/td>\n<td>Planejamento<\/td>\n<td>SEEB Campinas<\/td>\n<\/tr>\n<tr>\n<td>14\/03<\/td>\n<td>Oficina de Juventude<\/td>\n<td>CONTRAF<\/td>\n<\/tr>\n<tr>\n<td>20 e 21\/03<\/td>\n<td>Curso M\u00f3dulo I<\/td>\n<td>SEEB PI (<b>\u00c0 Confirmar<\/b>)<\/td>\n<\/tr>\n<tr>\n<td>10 e 11\/04<\/td>\n<td>Curso M\u00f3dulo I<\/td>\n<td>FETEC PR \u2013 Curitiba<\/td>\n<\/tr>\n<\/tbody>\n<\/table>\n<\/div>\n<\/div>\n<\/div>\n<\/section>\n<\/article>\n<\/div>\n<\/section>\n<section class=\"similar-news\">\n<div class=\"similar-news__container container\">\n<div class=\"similar-news__content\">\n<div class=\"default-title\">\n<div class=\"default-title-line\">Fonte: Contraf-CUT<\/div>\n<\/div>\n<\/div>\n<\/div>\n<\/section>\n","protected":false},"excerpt":{"rendered":"<p>Na \u00faltima quinta-feira (11\/12), o Coletivo Nacional de Forma\u00e7\u00e3o da Confedera\u00e7\u00e3o Nacional dos Trabalhadores e das Trabalhadores do Ramo Financeiro (Contraf-CUT) realizou um encontro para discutir o balan\u00e7o das atividades de 2025 e preparar o calend\u00e1rio de atividades para 2026. A Diretora do Sindicato dos Banc\u00e1rios da Baixada Fluminense\u00a0e Diretora de Forma\u00e7\u00e3o Sindical da Federa\u00e7\u00e3o [&hellip;]<\/p>\n","protected":false},"author":2,"featured_media":16958,"comment_status":"","ping_status":"","sticky":false,"template":"","format":"standard","meta":{"footnotes":""},"categories":[3],"tags":[],"class_list":["post-16959","post","type-post","status-publish","format-standard","has-post-thumbnail","hentry","category-noticias"],"_links":{"self":[{"href":"https:\/\/hostnetart.com.br\/baixada\/wp-json\/wp\/v2\/posts\/16959","targetHints":{"allow":["GET"]}}],"collection":[{"href":"https:\/\/hostnetart.com.br\/baixada\/wp-json\/wp\/v2\/posts"}],"about":[{"href":"https:\/\/hostnetart.com.br\/baixada\/wp-json\/wp\/v2\/types\/post"}],"author":[{"embeddable":true,"href":"https:\/\/hostnetart.com.br\/baixada\/wp-json\/wp\/v2\/users\/2"}],"replies":[{"embeddable":true,"href":"https:\/\/hostnetart.com.br\/baixada\/wp-json\/wp\/v2\/comments?post=16959"}],"version-history":[{"count":0,"href":"https:\/\/hostnetart.com.br\/baixada\/wp-json\/wp\/v2\/posts\/16959\/revisions"}],"wp:featuredmedia":[{"embeddable":true,"href":"https:\/\/hostnetart.com.br\/baixada\/wp-json\/wp\/v2\/media\/16958"}],"wp:attachment":[{"href":"https:\/\/hostnetart.com.br\/baixada\/wp-json\/wp\/v2\/media?parent=16959"}],"wp:term":[{"taxonomy":"category","embeddable":true,"href":"https:\/\/hostnetart.com.br\/baixada\/wp-json\/wp\/v2\/categories?post=16959"},{"taxonomy":"post_tag","embeddable":true,"href":"https:\/\/hostnetart.com.br\/baixada\/wp-json\/wp\/v2\/tags?post=16959"}],"curies":[{"name":"wp","href":"https:\/\/api.w.org\/{rel}","templated":true}]}}