{"id":16947,"date":"2025-12-12T17:28:30","date_gmt":"2025-12-12T20:28:30","guid":{"rendered":"https:\/\/hostnetart.com.br\/baixada\/super-caixa-empregados-criticam-programa-de-premiacao-do-banco\/"},"modified":"2025-12-12T17:28:30","modified_gmt":"2025-12-12T20:28:30","slug":"super-caixa-empregados-criticam-programa-de-premiacao-do-banco","status":"publish","type":"post","link":"https:\/\/hostnetart.com.br\/baixada\/super-caixa-empregados-criticam-programa-de-premiacao-do-banco\/","title":{"rendered":"Super Caixa: empregados criticam programa de premia\u00e7\u00e3o do banco"},"content":{"rendered":"<p>O Super Caixa, programa de remunera\u00e7\u00e3o vari\u00e1vel implementado pela Caixa Econ\u00f4mica Federal para o 2\u00ba semestre de 2025, segue sendo alvo de intensas cr\u00edticas das entidades de representa\u00e7\u00e3o das empregadas e empregados. O modelo, criado unilateralmente pelo banco e apresentado como \u201cpr\u00eamio por liberalidade\u201d, alterou regras de habilita\u00e7\u00e3o, c\u00e1lculo e distribui\u00e7\u00e3o da premia\u00e7\u00e3o, ampliou exig\u00eancias e, na pr\u00e1tica, tornou mais dif\u00edcil o acesso ao benef\u00edcio, principalmente para quem atua diretamente nas ag\u00eancias.<\/p>\n<p>Desde sua divulga\u00e7\u00e3o, a Contraf-CUT, por meio da Comiss\u00e3o Executiva dos Empregados (CEE) da Caixa, federa\u00e7\u00f5es e sindicatos v\u00eam denunciando que o programa aumenta a press\u00e3o sobre as equipes, baseia-se em indicadores complexos, penaliza unidades inteiras e impacta diretamente a renda de trabalhadoras e trabalhadores, sem que tenha havido qualquer negocia\u00e7\u00e3o coletiva pr\u00e9via.<\/p>\n<p>Segundo as entidades, o modelo refor\u00e7a a cobran\u00e7a por metas, carece de previsibilidade e n\u00e3o reflete de forma fiel a realidade das ag\u00eancias, especialmente diante do quadro reduzido de pessoal e do aumento constante de demandas geradas por programas sociais e pol\u00edticas p\u00fablicas operadas pela Caixa.<\/p>\n<h2><strong>Principais cr\u00edticas<\/strong><\/h2>\n<p>Entre os pontos mais criticados, destacam-se:<br \/>\u2022\u00a0\u00a0 \u00a0Exig\u00eancias elevadas de habilita\u00e7\u00e3o, baseadas em resultados de unidade que n\u00e3o dependem exclusivamente do esfor\u00e7o individual;<br \/>\u2022\u00a0\u00a0 \u00a0Indicadores complexos e pouco transparentes, dificultando o entendimento do c\u00e1lculo;<br \/>\u2022\u00a0\u00a0 \u00a0Penaliza\u00e7\u00f5es por desempenho de terceiros, o que desestimula o trabalho coletivo e gera conflito interno;<br \/>\u2022\u00a0\u00a0 \u00a0Press\u00e3o permanente por metas, ampliando o risco de adoecimento;<br \/>\u2022\u00a0\u00a0 \u00a0Aus\u00eancia total de negocia\u00e7\u00e3o com as entidades representativas, desrespeitando a mesa permanente;<br \/>\u2022\u00a0\u00a0 \u00a0Impacto direto sobre a renda, j\u00e1 que o programa substitui mecanismos anteriores mais est\u00e1veis e previs\u00edveis.<\/p>\n<h2><strong>Fora da realidade<\/strong><\/h2>\n<p>Para o coordenador da CEE\/Caixa, Felipe Pacheco, o programa refor\u00e7a desigualdades e n\u00e3o considera as condi\u00e7\u00f5es reais da rede de atendimento. \u201cO Super Caixa n\u00e3o reconhece a realidade de quem trabalha na ponta. \u00c9 inadmiss\u00edvel que um programa que impacta a renda de milhares de empregados seja constru\u00eddo sem negocia\u00e7\u00e3o, com regras que penalizam quem j\u00e1 sofre com sobrecarga e falta de pessoal. Esse modelo precisa ser revisto para garantir justi\u00e7a e transpar\u00eancia\u201d.<\/p>\n<p>Felipe refor\u00e7a que a CEE continuar\u00e1 cobrando mudan\u00e7as e que a Caixa deve respeitar o di\u00e1logo com as entidades. \u201cA Caixa n\u00e3o pode tratar remunera\u00e7\u00e3o como liberalidade unilateral. A mesa de negocia\u00e7\u00e3o existe para proteger direitos e construir solu\u00e7\u00f5es. O banco precisa ouvir suas empregadas e empregados\u201d.<\/p>\n<h2><strong>Programa abre portas para o ass\u00e9dio e o adoecimento<\/strong><\/h2>\n<p>O diretor da Contraf-CUT, Rafael de Castro, alerta para os impactos do programa na sa\u00fade mental das equipes. \u201cO Super Caixa intensifica a press\u00e3o por metas, exp\u00f5e trabalhadores a compara\u00e7\u00f5es constantes e amplia o risco de adoecimento. N\u00e3o podemos aceitar que a Caixa use indicadores punitivos e pouco claros para determinar quem ser\u00e1 ou n\u00e3o premiado. Isso n\u00e3o \u00e9 valoriza\u00e7\u00e3o, \u00e9 adoecimento institucionalizado.\u201d<\/p>\n<p>Rafael destaca que os indicadores de habilita\u00e7\u00e3o, como o Resultado.Caixa, Neg\u00f3cios Sustent\u00e1veis e satisfa\u00e7\u00e3o de clientes, n\u00e3o refletem apenas esfor\u00e7o, mas tamb\u00e9m fatores estruturais. \u201cO empregado n\u00e3o pode ser responsabilizado por quest\u00f5es que extrapolam seu trabalho individual. Isso \u00e9 injusto e desrespeitoso.\u201d<\/p>\n<h2><strong>Falta de transpar\u00eancia<\/strong><\/h2>\n<p>A representante da Fetec-CUT\/SP na CEE, Luiza Hansen, enfatiza que o programa falha em dois pilares b\u00e1sicos de qualquer ferramenta de reconhecimento: clareza e objetividade. \u201cTranspar\u00eancia e simplicidade s\u00e3o fundamentais. Hoje, o Super Caixa tem regras dif\u00edceis de interpretar, c\u00e1lculos pouco claros e premissas que mudam de acordo com o desempenho de toda a unidade. Isso afeta a previsibilidade da remunera\u00e7\u00e3o e prejudica a organiza\u00e7\u00e3o de vida das trabalhadoras e trabalhadores\u201d.<\/p>\n<p>Luiza tamb\u00e9m aponta que n\u00e3o basta a Caixa afirmar que \u201canalisar\u00e1 sugest\u00f5es\u201d. \u201cAs entidades apresentaram diversos pleitos e nenhum foi atendido at\u00e9 agora. A Caixa precisa n\u00e3o apenas ouvir, mas implementar mudan\u00e7as reais. O programa s\u00f3 ser\u00e1 justo se refletir o cotidiano de quem atende a popula\u00e7\u00e3o todos os dias.\u201d<\/p>\n<h2><strong>Mudan\u00e7as j\u00e1!<\/strong><\/h2>\n<p>Diante das inconsist\u00eancias e dos impactos negativos do modelo, a Contraf-CUT, por meio da CEE\/Caixa, segue cobrando:<br \/>\u2022\u00a0\u00a0 \u00a0Negocia\u00e7\u00e3o efetiva das regras;<br \/>\u2022\u00a0\u00a0 \u00a0Simplifica\u00e7\u00e3o dos crit\u00e9rios;<br \/>\u2022\u00a0\u00a0 \u00a0Transpar\u00eancia nos indicadores;<br \/>\u2022\u00a0\u00a0 \u00a0Prote\u00e7\u00e3o \u00e0 sa\u00fade mental;<br \/>\u2022\u00a0\u00a0 \u00a0Previsibilidade na remunera\u00e7\u00e3o;<br \/>\u2022\u00a0\u00a0 \u00a0Respeito \u00e0s condi\u00e7\u00f5es de trabalho da categoria.<\/p>\n<p>O movimento sindical refor\u00e7a que o reconhecimento \u00e0s pessoas que constroem diariamente a Caixa n\u00e3o pode se dar por meio de programas que ampliam desigualdades, geram inseguran\u00e7a e ignoram a realidade enfrentada por quem atende milh\u00f5es de brasileiros em todo o pa\u00eds.<\/p>\n<p>A Contraf-CUT continuar\u00e1 acompanhando e denunciando os problemas do Super Caixa, ao lado das federa\u00e7\u00f5es, sindicatos e entidades representativas dos empregados, e exigindo que o banco revise imediatamente o programa para garantir justi\u00e7a, valoriza\u00e7\u00e3o e respeito ao trabalho da categoria.<\/p>\n<p><strong>Fonte: Contraf-CUT<\/strong><\/p>\n","protected":false},"excerpt":{"rendered":"<p>O Super Caixa, programa de remunera\u00e7\u00e3o vari\u00e1vel implementado pela Caixa Econ\u00f4mica Federal para o 2\u00ba semestre de 2025, segue sendo alvo de intensas cr\u00edticas das entidades de representa\u00e7\u00e3o das empregadas e empregados. O modelo, criado unilateralmente pelo banco e apresentado como \u201cpr\u00eamio por liberalidade\u201d, alterou regras de habilita\u00e7\u00e3o, c\u00e1lculo e distribui\u00e7\u00e3o da premia\u00e7\u00e3o, ampliou exig\u00eancias [&hellip;]<\/p>\n","protected":false},"author":2,"featured_media":16946,"comment_status":"","ping_status":"","sticky":false,"template":"","format":"standard","meta":{"footnotes":""},"categories":[3],"tags":[],"class_list":["post-16947","post","type-post","status-publish","format-standard","has-post-thumbnail","hentry","category-noticias"],"_links":{"self":[{"href":"https:\/\/hostnetart.com.br\/baixada\/wp-json\/wp\/v2\/posts\/16947","targetHints":{"allow":["GET"]}}],"collection":[{"href":"https:\/\/hostnetart.com.br\/baixada\/wp-json\/wp\/v2\/posts"}],"about":[{"href":"https:\/\/hostnetart.com.br\/baixada\/wp-json\/wp\/v2\/types\/post"}],"author":[{"embeddable":true,"href":"https:\/\/hostnetart.com.br\/baixada\/wp-json\/wp\/v2\/users\/2"}],"replies":[{"embeddable":true,"href":"https:\/\/hostnetart.com.br\/baixada\/wp-json\/wp\/v2\/comments?post=16947"}],"version-history":[{"count":0,"href":"https:\/\/hostnetart.com.br\/baixada\/wp-json\/wp\/v2\/posts\/16947\/revisions"}],"wp:featuredmedia":[{"embeddable":true,"href":"https:\/\/hostnetart.com.br\/baixada\/wp-json\/wp\/v2\/media\/16946"}],"wp:attachment":[{"href":"https:\/\/hostnetart.com.br\/baixada\/wp-json\/wp\/v2\/media?parent=16947"}],"wp:term":[{"taxonomy":"category","embeddable":true,"href":"https:\/\/hostnetart.com.br\/baixada\/wp-json\/wp\/v2\/categories?post=16947"},{"taxonomy":"post_tag","embeddable":true,"href":"https:\/\/hostnetart.com.br\/baixada\/wp-json\/wp\/v2\/tags?post=16947"}],"curies":[{"name":"wp","href":"https:\/\/api.w.org\/{rel}","templated":true}]}}