{"id":16945,"date":"2025-12-12T17:25:02","date_gmt":"2025-12-12T20:25:02","guid":{"rendered":"https:\/\/hostnetart.com.br\/baixada\/santander-divulga-agenda-de-expediente-de-fim-de-ano-para-os-empregados\/"},"modified":"2025-12-12T17:25:02","modified_gmt":"2025-12-12T20:25:02","slug":"santander-divulga-agenda-de-expediente-de-fim-de-ano-para-os-empregados","status":"publish","type":"post","link":"https:\/\/hostnetart.com.br\/baixada\/santander-divulga-agenda-de-expediente-de-fim-de-ano-para-os-empregados\/","title":{"rendered":"Santander divulga agenda de expediente de fim de ano para os empregados"},"content":{"rendered":"<p>O Santander divulgou a agenda de expediente de fim de ano para os empregados e empregadas. Nos dias 24 e 31 de dezembro a jornada ser\u00e1 at\u00e9 o meio-dia (12h). O banco orienta que, ao bater o ponto eletr\u00f4nico, nessas datas, os funcion\u00e1rios escolham nas justificativas a op\u00e7\u00e3o &#8220;OUTROS ABONOS&#8221; e, no espa\u00e7o para indicar o motivo, escrever &#8220;Expediente final do ano&#8221;.<\/p>\n<p>Se os trabalhadores tiverem que trabalhar mais de 4h, a empresa orienta ainda que ser\u00e1 obrigat\u00f3rio realizar o intervalo.<\/p>\n<p>Nos casos em que o funcion\u00e1rio alinhar com a lideran\u00e7a a aus\u00eancia nos dias 24 e 31 de dezembro, a orienta\u00e7\u00e3o \u00e9 que utilize a op\u00e7\u00e3o &#8220;DESMEMBRAR&#8221; no ponto eletr\u00f4nico e, em seguida:<\/p>\n<p>&#8211; At\u00e9 \u00e0s 12h: justificar como &#8220;HORAS COMPENSADAS&#8221;<br \/>&#8211; Ap\u00f3s \u00e0s 12h: justificar como &#8220;OUTROS ABONOS&#8221;<\/p>\n<p><strong>&#8220;\u00c9 importante que os empregados e empregadas fiquem atentos \u00e0 marca\u00e7\u00e3o correta do ponto, seguindo as normas internas, pra que possam desfrutar desse per\u00edodo de festas sem nenhum preju\u00edzo em seu ponto eletr\u00f4nico&#8221;<\/strong>, refor\u00e7ou Wanessa de Queiroz, coordenadora da Comiss\u00e3o de Organiza\u00e7\u00e3o dos Empregados (COE) do Santander.<\/p>\n<h2><span style=\"text-decoration: underline;\">Hor\u00e1rios atendimento ao p\u00fablico nas ag\u00eancias banc\u00e1rias de todo o pa\u00eds<\/span><\/h2>\n<p>Veja tamb\u00e9m como ficar\u00e1 o atendimento banc\u00e1rio ao p\u00fablico nos dias que antecedem as datas comemorativas do Natal e Ano-Novo, conforme determina\u00e7\u00e3o do Banco Central e da Fenaban.<\/p>\n<p><strong>24\/12:<\/strong><br \/>&#8211; Estados com hor\u00e1rios iguais ao de Bras\u00edlia-DF &#8211; 9h \u00e0s 11h<br \/>&#8211; Estados com diferen\u00e7a de 1 hora em rela\u00e7\u00e3o \u00e0 Bras\u00edlia-DF &#8211; 8h \u00e0s 10h (hor\u00e1rio local) ou 9h \u00e0s 11h (hor\u00e1rio de Bras\u00edlia)<br \/>&#8211; Estados com diferen\u00e7a de 2 horas em rela\u00e7\u00e3o \u00e0 Bras\u00edlia-DF &#8211; 8h \u00e0s 10h (hor\u00e1rio local) ou 10h \u00e0s 12h (hor\u00e1rio de Bras\u00edlia)<\/p>\n<p><strong>31\/12:<\/strong><br \/>N\u00e3o haver\u00e1 atendimento ao p\u00fablico, sendo necess\u00e1rio manter apenas as rotinas internas nas ag\u00eancias.<\/p>\n<p><strong>Fonte: Contraf-CUT<\/strong><\/p>\n","protected":false},"excerpt":{"rendered":"<p>O Santander divulgou a agenda de expediente de fim de ano para os empregados e empregadas. Nos dias 24 e 31 de dezembro a jornada ser\u00e1 at\u00e9 o meio-dia (12h). O banco orienta que, ao bater o ponto eletr\u00f4nico, nessas datas, os funcion\u00e1rios escolham nas justificativas a op\u00e7\u00e3o &#8220;OUTROS ABONOS&#8221; e, no espa\u00e7o para indicar [&hellip;]<\/p>\n","protected":false},"author":2,"featured_media":16944,"comment_status":"","ping_status":"","sticky":false,"template":"","format":"standard","meta":{"footnotes":""},"categories":[3],"tags":[],"class_list":["post-16945","post","type-post","status-publish","format-standard","has-post-thumbnail","hentry","category-noticias"],"_links":{"self":[{"href":"https:\/\/hostnetart.com.br\/baixada\/wp-json\/wp\/v2\/posts\/16945","targetHints":{"allow":["GET"]}}],"collection":[{"href":"https:\/\/hostnetart.com.br\/baixada\/wp-json\/wp\/v2\/posts"}],"about":[{"href":"https:\/\/hostnetart.com.br\/baixada\/wp-json\/wp\/v2\/types\/post"}],"author":[{"embeddable":true,"href":"https:\/\/hostnetart.com.br\/baixada\/wp-json\/wp\/v2\/users\/2"}],"replies":[{"embeddable":true,"href":"https:\/\/hostnetart.com.br\/baixada\/wp-json\/wp\/v2\/comments?post=16945"}],"version-history":[{"count":0,"href":"https:\/\/hostnetart.com.br\/baixada\/wp-json\/wp\/v2\/posts\/16945\/revisions"}],"wp:featuredmedia":[{"embeddable":true,"href":"https:\/\/hostnetart.com.br\/baixada\/wp-json\/wp\/v2\/media\/16944"}],"wp:attachment":[{"href":"https:\/\/hostnetart.com.br\/baixada\/wp-json\/wp\/v2\/media?parent=16945"}],"wp:term":[{"taxonomy":"category","embeddable":true,"href":"https:\/\/hostnetart.com.br\/baixada\/wp-json\/wp\/v2\/categories?post=16945"},{"taxonomy":"post_tag","embeddable":true,"href":"https:\/\/hostnetart.com.br\/baixada\/wp-json\/wp\/v2\/tags?post=16945"}],"curies":[{"name":"wp","href":"https:\/\/api.w.org\/{rel}","templated":true}]}}