{"id":16941,"date":"2025-12-11T20:35:43","date_gmt":"2025-12-11T23:35:43","guid":{"rendered":"https:\/\/hostnetart.com.br\/baixada\/deficit-do-saude-caixa-confirma-acerto-da-categoria-ao-aprovar-novo-act\/"},"modified":"2025-12-11T20:35:43","modified_gmt":"2025-12-11T23:35:43","slug":"deficit-do-saude-caixa-confirma-acerto-da-categoria-ao-aprovar-novo-act","status":"publish","type":"post","link":"https:\/\/hostnetart.com.br\/baixada\/deficit-do-saude-caixa-confirma-acerto-da-categoria-ao-aprovar-novo-act\/","title":{"rendered":"D\u00e9ficit do Sa\u00fade Caixa confirma acerto da categoria ao aprovar novo ACT"},"content":{"rendered":"<p>\u00a0<\/p>\n<p>O Grupo de Trabalho do Sa\u00fade Caixa, composto por representantes das empregadas, empregados e da dire\u00e7\u00e3o da Caixa Econ\u00f4mica Federal, reuniu-se no dia 8 de dezembro para discutir o acompanhamento trimestral do plano e os n\u00fameros projetados at\u00e9 novembro. Os dados apresentados pelo banco refor\u00e7am a import\u00e2ncia da mobiliza\u00e7\u00e3o da categoria e o acerto na aprova\u00e7\u00e3o do novo Acordo Coletivo de Trabalho (ACT) do Sa\u00fade Caixa, cuja vig\u00eancia come\u00e7a em janeiro de 2026, ap\u00f3s a assinatura pelas partes.<\/p>\n<p>\u201cDe acordo com as informa\u00e7\u00f5es compartilhadas pelo banco, o resultado projetado para 2025 indica um d\u00e9ficit de aproximadamente R$ 560 milh\u00f5es, considerando as receitas e despesas acumuladas. At\u00e9 novembro, as despesas totais j\u00e1 somavam R$ 4,005 bilh\u00f5es, contra R$ 3,445 bilh\u00f5es em receitas\u201d, observou o coordenador da representa\u00e7\u00e3o das empregadas e dos empregados no GT, Leonardo Quadros, que \u00e9 tamb\u00e9m diretor de Sa\u00fade e Previd\u00eancia da Federa\u00e7\u00e3o Nacional das Associa\u00e7\u00f5es do Pessoal da Caixa (Fenae) e presidente da Associa\u00e7\u00e3o do Pessoal da Caixa do Estado de S\u00e3o Paulo (Apcef\/SP).<\/p>\n<h2><strong>Acordo evitar\u00e1 repasse do d\u00e9ficit aos empregados<\/strong><\/h2>\n<p>Frente a esse cen\u00e1rio, a representa\u00e7\u00e3o das empregadas e dos empregados destacou que a aprova\u00e7\u00e3o do novo ACT foi fundamental para impedir que esse desequil\u00edbrio financeiro fosse transferido para as trabalhadoras e trabalhadores. O acordo garantiu:<\/p>\n<ul>\n<li>Reajuste zero para titulares e dependentes;<\/li>\n<li>Manuten\u00e7\u00e3o dos limites de coparticipa\u00e7\u00e3o e do teto anual;<\/li>\n<li>Mecanismos de governan\u00e7a e transpar\u00eancia que ampliam o acompanhamento do plano.<\/li>\n<\/ul>\n<p>\u201cOs n\u00fameros apresentados hoje comprovam o que dissemos durante todo o processo de negocia\u00e7\u00e3o: sem acordo, o rombo seria empurrado para o bolso das empregadas e empregados. A categoria tomou a decis\u00e3o correta ao aprovar o ACT. Ele preserva direitos, d\u00e1 previsibilidade e impede que a conta da alta dos custos m\u00e9dicos recaia sobre quem trabalha\u201d, avaliou o coordenador da Comiss\u00e3o Executiva dos Empregados (CEE) da Caixa, Felipe Pacheco.<\/p>\n<h2><strong>Despesas em crescimento<\/strong><\/h2>\n<p>As demonstra\u00e7\u00f5es apresentadas pela Caixa mostram crescimento significativo em diversos tipos de atendimento:<\/p>\n<ul>\n<li><strong>Interna\u00e7\u00f5es:<\/strong> salto de R$ 1,407 bilh\u00e3o (2024) para R$ 1,627 bilh\u00e3o (2025);<\/li>\n<li><strong>Medicamentos quimioter\u00e1picos: <\/strong>aumento de R$ 156,9 milh\u00f5es para R$ 200,2 milh\u00f5es;<\/li>\n<li><strong>Consultas e pronto-socorro:<\/strong> tamb\u00e9m registraram eleva\u00e7\u00e3o expressiva.<\/li>\n<\/ul>\n<p>No acumulado do ano, a despesa assistencial superou o projetado em v\u00e1rios meses, enquanto a arrecada\u00e7\u00e3o com mensalidades se manteve est\u00e1vel, com exce\u00e7\u00e3o de novembro, em decorr\u00eancia da contribui\u00e7\u00e3o sobre o d\u00e9cimo terceiro sal\u00e1rio.<\/p>\n<p>Para a representa\u00e7\u00e3o dos trabalhadores, os dados refor\u00e7am a necessidade de fortalecer a luta pela aplica\u00e7\u00e3o do modelo de custeio 70\/30 (70% dos custos pagos pelo banco e 30% pelos empregados) sem o atual condicionante do teto estatut\u00e1rio de 6,5% da folha, de modo a facilitar a amplia\u00e7\u00e3o da participa\u00e7\u00e3o da Caixa no financiamento do plano. \u201cO Sa\u00fade Caixa \u00e9 uma conquista hist\u00f3rica, e seu equil\u00edbrio depende de responsabilidade, di\u00e1logo e compromisso da empresa com a sa\u00fade de quem constr\u00f3i o banco todos os dias\u201d, destacou o coordenador da CEE. \u201cPor isso, insistimos na necessidade do fim do teto de gastos da Caixa com a sa\u00fade de seus empregados, fixado no Estatuto Social da Caixa em at\u00e9 6,5% da folha salarial. Somente com o fim do teto, o modelo de custeio 70\/30 poder\u00e1 ser aplicado de forma plena, para que nosso plano de sa\u00fade tenha viabilidade financeira\u201d, completou.<\/p>\n<h2><strong>Pr\u00f3ximos passos<\/strong><\/h2>\n<p>Ainda n\u00e3o h\u00e1 a confirma\u00e7\u00e3o da data para a assinatura do ACT aprovado. O acordo passa a vigorar a partir de janeiro de 2026.<\/p>\n<p>A retomada das negocia\u00e7\u00f5es sobre o fim do teto de gastos da Caixa com a sa\u00fade dos seus empregados e a igualdade de direitos ap\u00f3s a aposentadoria para quem foi contratado a partir de setembro de 2018 est\u00e1 prevista para fevereiro de 2026.<\/p>\n<p>\u201cVamos continuar atuando no GT e nas inst\u00e2ncias de negocia\u00e7\u00e3o para garantir que o Sa\u00fade Caixa siga sustent\u00e1vel, solid\u00e1rio e acess\u00edvel\u201d, disse Felipe Pacheco. \u201cNosso compromisso \u00e9 com as empregadas e empregados da Caixa, garantindo que o plano continue existindo com qualidade, sem aumentos abusivos de custos e com transpar\u00eancia na gest\u00e3o\u201d, concluiu.<\/p>\n<p><strong>Fonte: Contraf-CUT<\/strong><\/p>\n","protected":false},"excerpt":{"rendered":"<p>\u00a0 O Grupo de Trabalho do Sa\u00fade Caixa, composto por representantes das empregadas, empregados e da dire\u00e7\u00e3o da Caixa Econ\u00f4mica Federal, reuniu-se no dia 8 de dezembro para discutir o acompanhamento trimestral do plano e os n\u00fameros projetados at\u00e9 novembro. Os dados apresentados pelo banco refor\u00e7am a import\u00e2ncia da mobiliza\u00e7\u00e3o da categoria e o acerto [&hellip;]<\/p>\n","protected":false},"author":2,"featured_media":16940,"comment_status":"","ping_status":"","sticky":false,"template":"","format":"standard","meta":{"footnotes":""},"categories":[3],"tags":[],"class_list":["post-16941","post","type-post","status-publish","format-standard","has-post-thumbnail","hentry","category-noticias"],"_links":{"self":[{"href":"https:\/\/hostnetart.com.br\/baixada\/wp-json\/wp\/v2\/posts\/16941","targetHints":{"allow":["GET"]}}],"collection":[{"href":"https:\/\/hostnetart.com.br\/baixada\/wp-json\/wp\/v2\/posts"}],"about":[{"href":"https:\/\/hostnetart.com.br\/baixada\/wp-json\/wp\/v2\/types\/post"}],"author":[{"embeddable":true,"href":"https:\/\/hostnetart.com.br\/baixada\/wp-json\/wp\/v2\/users\/2"}],"replies":[{"embeddable":true,"href":"https:\/\/hostnetart.com.br\/baixada\/wp-json\/wp\/v2\/comments?post=16941"}],"version-history":[{"count":0,"href":"https:\/\/hostnetart.com.br\/baixada\/wp-json\/wp\/v2\/posts\/16941\/revisions"}],"wp:featuredmedia":[{"embeddable":true,"href":"https:\/\/hostnetart.com.br\/baixada\/wp-json\/wp\/v2\/media\/16940"}],"wp:attachment":[{"href":"https:\/\/hostnetart.com.br\/baixada\/wp-json\/wp\/v2\/media?parent=16941"}],"wp:term":[{"taxonomy":"category","embeddable":true,"href":"https:\/\/hostnetart.com.br\/baixada\/wp-json\/wp\/v2\/categories?post=16941"},{"taxonomy":"post_tag","embeddable":true,"href":"https:\/\/hostnetart.com.br\/baixada\/wp-json\/wp\/v2\/tags?post=16941"}],"curies":[{"name":"wp","href":"https:\/\/api.w.org\/{rel}","templated":true}]}}