{"id":16935,"date":"2025-12-09T12:03:14","date_gmt":"2025-12-09T15:03:14","guid":{"rendered":"https:\/\/hostnetart.com.br\/baixada\/santander-pagara-salario-e-2-parcela-do-13-dia-19-de-dezembro\/"},"modified":"2025-12-09T12:03:14","modified_gmt":"2025-12-09T15:03:14","slug":"santander-pagara-salario-e-2-parcela-do-13-dia-19-de-dezembro","status":"publish","type":"post","link":"https:\/\/hostnetart.com.br\/baixada\/santander-pagara-salario-e-2-parcela-do-13-dia-19-de-dezembro\/","title":{"rendered":"Santander pagar\u00e1 sal\u00e1rio e 2\u00aa parcela do 13\u00ba dia 19 de dezembro"},"content":{"rendered":"<\/p>\n<p>O Banco Santander vai antecipar para o dia 19 de dezembro o pagamento do sal\u00e1rio e da segunda parcela do 13\u00ba sal\u00e1rio de seus funcion\u00e1rios.<\/p>\n<p>Os valores ser\u00e3o divulgados no dia 18 no Portal Pessoas, ou no app Santander.<\/p>\n<p><strong>Fonte: Contraf-CUT<\/strong><\/p>\n","protected":false},"excerpt":{"rendered":"<p>O Banco Santander vai antecipar para o dia 19 de dezembro o pagamento do sal\u00e1rio e da segunda parcela do 13\u00ba sal\u00e1rio de seus funcion\u00e1rios. Os valores ser\u00e3o divulgados no dia 18 no Portal Pessoas, ou no app Santander. Fonte: Contraf-CUT<\/p>\n","protected":false},"author":2,"featured_media":16934,"comment_status":"","ping_status":"","sticky":false,"template":"","format":"standard","meta":{"footnotes":""},"categories":[3],"tags":[],"class_list":["post-16935","post","type-post","status-publish","format-standard","has-post-thumbnail","hentry","category-noticias"],"_links":{"self":[{"href":"https:\/\/hostnetart.com.br\/baixada\/wp-json\/wp\/v2\/posts\/16935","targetHints":{"allow":["GET"]}}],"collection":[{"href":"https:\/\/hostnetart.com.br\/baixada\/wp-json\/wp\/v2\/posts"}],"about":[{"href":"https:\/\/hostnetart.com.br\/baixada\/wp-json\/wp\/v2\/types\/post"}],"author":[{"embeddable":true,"href":"https:\/\/hostnetart.com.br\/baixada\/wp-json\/wp\/v2\/users\/2"}],"replies":[{"embeddable":true,"href":"https:\/\/hostnetart.com.br\/baixada\/wp-json\/wp\/v2\/comments?post=16935"}],"version-history":[{"count":0,"href":"https:\/\/hostnetart.com.br\/baixada\/wp-json\/wp\/v2\/posts\/16935\/revisions"}],"wp:featuredmedia":[{"embeddable":true,"href":"https:\/\/hostnetart.com.br\/baixada\/wp-json\/wp\/v2\/media\/16934"}],"wp:attachment":[{"href":"https:\/\/hostnetart.com.br\/baixada\/wp-json\/wp\/v2\/media?parent=16935"}],"wp:term":[{"taxonomy":"category","embeddable":true,"href":"https:\/\/hostnetart.com.br\/baixada\/wp-json\/wp\/v2\/categories?post=16935"},{"taxonomy":"post_tag","embeddable":true,"href":"https:\/\/hostnetart.com.br\/baixada\/wp-json\/wp\/v2\/tags?post=16935"}],"curies":[{"name":"wp","href":"https:\/\/api.w.org\/{rel}","templated":true}]}}