{"id":16929,"date":"2025-12-02T17:42:59","date_gmt":"2025-12-02T20:42:59","guid":{"rendered":"https:\/\/hostnetart.com.br\/baixada\/caixa-fechamento-de-agencias-prejudica-a-todos\/"},"modified":"2025-12-02T17:42:59","modified_gmt":"2025-12-02T20:42:59","slug":"caixa-fechamento-de-agencias-prejudica-a-todos","status":"publish","type":"post","link":"https:\/\/hostnetart.com.br\/baixada\/caixa-fechamento-de-agencias-prejudica-a-todos\/","title":{"rendered":"Caixa: Fechamento de ag\u00eancias prejudica a todos"},"content":{"rendered":"<p>O processo de fechamento de ag\u00eancias da Caixa Econ\u00f4mica Federal, iniciado em 2017 e drasticamente intensificado em 2024 e 2025, vem provocando um conjunto de preju\u00edzos sociais, econ\u00f4micos e trabalhistas em todo o pa\u00eds. Dados estat\u00edsticos compilados pelo Dieese mostram que a rede perdeu 196 ag\u00eancias desde 2017, passando de 3.404 unidades em 2015 para 3.208 ao final de setembro de 2025, com forte acelera\u00e7\u00e3o em 2024 (\u2013113 ag\u00eancias) e em 2025 (\u201350 at\u00e9 setembro).<\/p>\n<p>A redu\u00e7\u00e3o da presen\u00e7a f\u00edsica da Caixa, respons\u00e1vel pela execu\u00e7\u00e3o dos principais programas sociais do governo federal, prejudica a popula\u00e7\u00e3o mais vulner\u00e1vel, desestrutura a economia local de munic\u00edpios e bairros e penaliza duramente os trabalhadores do banco.<\/p>\n<h2><strong>Impactos sociais<\/strong><\/h2>\n<p>A Caixa \u00e9 o bra\u00e7o operacional de pol\u00edticas p\u00fablicas essenciais do Governo Federal, como Bolsa Fam\u00edlia, BPC, abono salarial, FGTS, Pronaf e diversos programas habitacionais. Em grande parte do pa\u00eds, especialmente em regi\u00f5es remotas, pequenos munic\u00edpios e \u00e1reas rurais, ela \u00e9 o \u00fanico ponto de atendimento banc\u00e1rio dispon\u00edvel.<\/p>\n<p>O fechamento de unidades nestas localidades obriga fam\u00edlias a percorrer longas dist\u00e2ncias para resolver quest\u00f5es que, muitas vezes, s\u00f3 podem ser tratadas presencialmente. Milh\u00f5es de brasileiros que n\u00e3o t\u00eam internet, pacote de dados ou smartphone ficam simplesmente exclu\u00eddos do atendimento.<\/p>\n<p>\u201cCada ag\u00eancia fechada \u00e9 uma porta do Estado que deixa de existir para quem mais necessita. O Brasil precisa de mais presen\u00e7a territorial da Caixa, n\u00e3o menos\u201d, afirma o coordenador da Comiss\u00e3o Executiva dos Empregados (CEE) da Caixa, Felipe Pacheco.<\/p>\n<h2><strong>Com\u00e9rcio e servi\u00e7os prejudicados<\/strong><\/h2>\n<p>Al\u00e9m de comprometer direitos sociais, o encerramento de ag\u00eancias tamb\u00e9m afeta diretamente a economia local. Comerciantes, prestadores de servi\u00e7os e microempreendedores dependem da presen\u00e7a f\u00edsica da Caixa para movimentar seus neg\u00f3cios: receber pagamentos, fazer dep\u00f3sitos, contratar cr\u00e9dito, sacar benef\u00edcios e atrair clientes que circulam na regi\u00e3o.<\/p>\n<p>Ag\u00eancias banc\u00e1rias s\u00e3o polos de fluxo de pessoas. Quando uma unidade fecha:<\/p>\n<ul>\n<li>Cai o movimento em lojas pr\u00f3ximas;<\/li>\n<li>H\u00e1 redu\u00e7\u00e3o das vendas de pequenos com\u00e9rcios e ambulantes;<\/li>\n<li>Estabelecimentos de servi\u00e7os, como mercearias, farm\u00e1cias, padarias, papelarias e sal\u00f5es de beleza perdem circula\u00e7\u00e3o de clientes;<\/li>\n<li>Micro e pequenos empreendedores t\u00eam mais dificuldade para acessar cr\u00e9dito e servi\u00e7os financeiros.<\/li>\n<\/ul>\n<p>Em diversas cidades, prefeitos e comerciantes t\u00eam relatado que o fechamento de uma ag\u00eancia provoca uma esp\u00e9cie de \u201cesvaziamento econ\u00f4mico\u201d do entorno, uma vez que a Caixa costuma funcionar como ponto de atra\u00e7\u00e3o e circula\u00e7\u00e3o di\u00e1ria de centenas de pessoas.<\/p>\n<p>\u201cN\u00e3o \u00e9 s\u00f3 o atendimento banc\u00e1rio que desaparece. O com\u00e9rcio sofre, os servi\u00e7os perdem movimento, e a economia de bairros inteiros fica fragilizada. A Caixa tem papel econ\u00f4mico local que n\u00e3o pode ser ignorado\u201d, refor\u00e7a Felipe Pacheco.<\/p>\n<h2><strong>Perdas para os empregados<\/strong><\/h2>\n<p>A reestrutura\u00e7\u00e3o da rede tamb\u00e9m tem provocado preju\u00edzos significativos aos trabalhadores. Embora a Caixa tenha se comprometido em mesa de negocia\u00e7\u00f5es que nenhum empregado perderia fun\u00e7\u00e3o ou remunera\u00e7\u00e3o em decorr\u00eancia do fechamento de ag\u00eancias, isso n\u00e3o tem se confirmado na pr\u00e1tica.<\/p>\n<p>Empregados transferidos para unidades que j\u00e1 possuem profissionais nas mesmas fun\u00e7\u00f5es (caixas, tesoureiros ou gerentes) est\u00e3o sendo descomissionados, perdendo gratifica\u00e7\u00f5es e sofrendo redu\u00e7\u00e3o salarial.<\/p>\n<p>\u00c9 inadmiss\u00edvel que colegas com d\u00e9cadas de compromisso com a Caixa tenham suas remunera\u00e7\u00f5es rebaixadas por uma decis\u00e3o estrutural do banco. Isso descumpre o que foi pactuado na mesa de negocia\u00e7\u00e3o e viola a dignidade desses trabalhadores.<\/p>\n<p>Menos ag\u00eancias, mais sobrecarga e adoecimento<br \/>Com o crescimento do n\u00famero de contas, benefici\u00e1rios e opera\u00e7\u00f5es, a manuten\u00e7\u00e3o do processo de fechamento aprofunda a sobrecarga, as filas e o adoecimento f\u00edsico e emocional dos trabalhadores.<\/p>\n<p>\u201cA digitaliza\u00e7\u00e3o n\u00e3o substitui a necessidade do atendimento presencial, especialmente para clientes de baixa renda, idosos e moradores de regi\u00f5es com pouca tecnologia dispon\u00edvel\u201d, observa a representante da Fetec\/PR na CEE, Samanta Almeida. \u201cFechar ag\u00eancia n\u00e3o \u00e9 moderniza\u00e7\u00e3o. \u00c9 abandono. A Caixa n\u00e3o pode se afastar das comunidades e deixar de cumprir sua fun\u00e7\u00e3o social obrigat\u00f3ria de atender a popula\u00e7\u00e3o\u201d, completou.<\/p>\n<h2><strong>Fechamentos acelerados<\/strong><\/h2>\n<p>A pol\u00edtica de enxugamento, iniciada em 2017, n\u00e3o apenas se manteve, mas se intensificou em 2024 e 2025, justamente em um momento de retomada das pol\u00edticas p\u00fablicas sociais do Governo Federal, revelando contradi\u00e7\u00f5es internas na condu\u00e7\u00e3o da estrat\u00e9gia do banco p\u00fablico.<\/p>\n<p>As entidades representativas avaliam que o modelo atual sacrifica o papel social e econ\u00f4mico da Caixa em nome de reestrutura\u00e7\u00f5es que n\u00e3o consideram o impacto nas comunidades e tampouco o papel da Caixa como banco p\u00fablico.<\/p>\n<h2><strong>Suspens\u00e3o do fechamento de ag\u00eancias<\/strong><\/h2>\n<p>O movimento sindical defende:<\/p>\n<ul>\n<li>Suspens\u00e3o dos fechamentos de ag\u00eancias;<\/li>\n<li>Recomposi\u00e7\u00e3o da rede f\u00edsica e presen\u00e7a territorial;<\/li>\n<li>Garantia de manuten\u00e7\u00e3o das fun\u00e7\u00f5es e remunera\u00e7\u00f5es dos empregados;<\/li>\n<li>Fortalecimento do papel da Caixa como motor econ\u00f4mico local e instrumento de pol\u00edticas p\u00fablicas.<\/li>\n<\/ul>\n<p>\u201cA Caixa \u00e9 o cora\u00e7\u00e3o das pol\u00edticas p\u00fablicas brasileiras e tamb\u00e9m um motor econ\u00f4mico das comunidades. Fechar ag\u00eancias enfraquece munic\u00edpios, prejudica trabalhadores e afasta o Estado do povo. Isso precisa parar\u201d, conclui Felipe Pacheco.<\/p>\n<p><strong>Fonte: Contraf-CUT<\/strong><\/p>\n","protected":false},"excerpt":{"rendered":"<p>O processo de fechamento de ag\u00eancias da Caixa Econ\u00f4mica Federal, iniciado em 2017 e drasticamente intensificado em 2024 e 2025, vem provocando um conjunto de preju\u00edzos sociais, econ\u00f4micos e trabalhistas em todo o pa\u00eds. Dados estat\u00edsticos compilados pelo Dieese mostram que a rede perdeu 196 ag\u00eancias desde 2017, passando de 3.404 unidades em 2015 para [&hellip;]<\/p>\n","protected":false},"author":2,"featured_media":16928,"comment_status":"","ping_status":"","sticky":false,"template":"","format":"standard","meta":{"footnotes":""},"categories":[3],"tags":[],"class_list":["post-16929","post","type-post","status-publish","format-standard","has-post-thumbnail","hentry","category-noticias"],"_links":{"self":[{"href":"https:\/\/hostnetart.com.br\/baixada\/wp-json\/wp\/v2\/posts\/16929","targetHints":{"allow":["GET"]}}],"collection":[{"href":"https:\/\/hostnetart.com.br\/baixada\/wp-json\/wp\/v2\/posts"}],"about":[{"href":"https:\/\/hostnetart.com.br\/baixada\/wp-json\/wp\/v2\/types\/post"}],"author":[{"embeddable":true,"href":"https:\/\/hostnetart.com.br\/baixada\/wp-json\/wp\/v2\/users\/2"}],"replies":[{"embeddable":true,"href":"https:\/\/hostnetart.com.br\/baixada\/wp-json\/wp\/v2\/comments?post=16929"}],"version-history":[{"count":0,"href":"https:\/\/hostnetart.com.br\/baixada\/wp-json\/wp\/v2\/posts\/16929\/revisions"}],"wp:featuredmedia":[{"embeddable":true,"href":"https:\/\/hostnetart.com.br\/baixada\/wp-json\/wp\/v2\/media\/16928"}],"wp:attachment":[{"href":"https:\/\/hostnetart.com.br\/baixada\/wp-json\/wp\/v2\/media?parent=16929"}],"wp:term":[{"taxonomy":"category","embeddable":true,"href":"https:\/\/hostnetart.com.br\/baixada\/wp-json\/wp\/v2\/categories?post=16929"},{"taxonomy":"post_tag","embeddable":true,"href":"https:\/\/hostnetart.com.br\/baixada\/wp-json\/wp\/v2\/tags?post=16929"}],"curies":[{"name":"wp","href":"https:\/\/api.w.org\/{rel}","templated":true}]}}