{"id":16925,"date":"2025-12-02T16:52:16","date_gmt":"2025-12-02T19:52:16","guid":{"rendered":"https:\/\/hostnetart.com.br\/baixada\/assembleia-caixa-economica-federal-2\/"},"modified":"2025-12-02T16:52:16","modified_gmt":"2025-12-02T19:52:16","slug":"assembleia-caixa-economica-federal-2","status":"publish","type":"post","link":"https:\/\/hostnetart.com.br\/baixada\/assembleia-caixa-economica-federal-2\/","title":{"rendered":"Assembleia &#8211; Caixa Econ\u00f4mica Federal"},"content":{"rendered":"<div id=\":1hf\" class=\"ii gt\">\n<div id=\":1gy\" class=\"a3s aiL\">\n<div id=\"avWBGd-326\">\n<div dir=\"ltr\">\n<p>O Sindicato dos Banc\u00e1rios da Baixada Fluminense convoca\u00a0todos os banc\u00e1rios de sua base territorial, benefici\u00e1rios titulares do Sa\u00fade Caixa, s\u00f3cios e n\u00e3o s\u00f3cios,\u00a0que prestam servi\u00e7o para a Caixa Econ\u00f4mica Federal,\u00a0para\u00a0<b>assembleia<\/b>\u00a0a ser realizada no dia 4 de dezembro de 2025,\u00a0quinta-feira.<\/p>\n<p>A assembleia ocorrer\u00e1, de forma\u00a0<strong>presencial<\/strong>, na Sede do Sindicato, em Duque de Caxias, e ir\u00e1\u00a0<b>deliberar\u00a0<\/b>sobre<b>\u00a0<\/b>a\u00a0<strong>Aprova\u00e7\u00e3<wbr \/>o do Acordo Coletivo de Trabalho Sa\u00fade Caixa 2026<\/strong>\u00a0com vig\u00eancia de 1\u00ba de janeiro de 2026 a 31 de agosto de 2026.<\/p>\n<p><span style=\"text-decoration: underline;\">Importante<\/span>:\u00a0A assembleia foi um pedido proveniente de funcion\u00e1rios e funcion\u00e1rias da Caixa, que entraram em contato com o Sindicato e fizeram esta solicita\u00e7\u00e3o.<\/p>\n<p><strong>CHAMADAS<\/strong><\/p>\n<p>Primeira convoca\u00e7\u00e3o: 18h<br \/>Segunda convoca\u00e7\u00e3o: 18h30min<\/p>\n<p><strong>ENDERE\u00c7O<\/strong><\/p>\n<p>Sede do Sindicato dos Banc\u00e1rios da Baixada Fluminense (Rua Prof Henrique Ferreira Gomes, 179 &#8211; Duque de Caxias)<\/p>\n<\/div>\n<div class=\"yj6qo\">\u00a0<\/div>\n<div class=\"adL\">\u00a0<\/div>\n<\/div>\n<\/div>\n<\/div>\n<div id=\":1ju\" class=\"hq gt\">\u00a0<\/div>\n","protected":false},"excerpt":{"rendered":"<p>O Sindicato dos Banc\u00e1rios da Baixada Fluminense convoca\u00a0todos os banc\u00e1rios de sua base territorial, benefici\u00e1rios titulares do Sa\u00fade Caixa, s\u00f3cios e n\u00e3o s\u00f3cios,\u00a0que prestam servi\u00e7o para a Caixa Econ\u00f4mica Federal,\u00a0para\u00a0assembleia\u00a0a ser realizada no dia 4 de dezembro de 2025,\u00a0quinta-feira. A assembleia ocorrer\u00e1, de forma\u00a0presencial, na Sede do Sindicato, em Duque de Caxias, e ir\u00e1\u00a0deliberar\u00a0sobre\u00a0a\u00a0Aprova\u00e7\u00e3o do [&hellip;]<\/p>\n","protected":false},"author":2,"featured_media":16924,"comment_status":"","ping_status":"","sticky":false,"template":"","format":"standard","meta":{"footnotes":""},"categories":[3],"tags":[],"class_list":["post-16925","post","type-post","status-publish","format-standard","has-post-thumbnail","hentry","category-noticias"],"_links":{"self":[{"href":"https:\/\/hostnetart.com.br\/baixada\/wp-json\/wp\/v2\/posts\/16925","targetHints":{"allow":["GET"]}}],"collection":[{"href":"https:\/\/hostnetart.com.br\/baixada\/wp-json\/wp\/v2\/posts"}],"about":[{"href":"https:\/\/hostnetart.com.br\/baixada\/wp-json\/wp\/v2\/types\/post"}],"author":[{"embeddable":true,"href":"https:\/\/hostnetart.com.br\/baixada\/wp-json\/wp\/v2\/users\/2"}],"replies":[{"embeddable":true,"href":"https:\/\/hostnetart.com.br\/baixada\/wp-json\/wp\/v2\/comments?post=16925"}],"version-history":[{"count":0,"href":"https:\/\/hostnetart.com.br\/baixada\/wp-json\/wp\/v2\/posts\/16925\/revisions"}],"wp:featuredmedia":[{"embeddable":true,"href":"https:\/\/hostnetart.com.br\/baixada\/wp-json\/wp\/v2\/media\/16924"}],"wp:attachment":[{"href":"https:\/\/hostnetart.com.br\/baixada\/wp-json\/wp\/v2\/media?parent=16925"}],"wp:term":[{"taxonomy":"category","embeddable":true,"href":"https:\/\/hostnetart.com.br\/baixada\/wp-json\/wp\/v2\/categories?post=16925"},{"taxonomy":"post_tag","embeddable":true,"href":"https:\/\/hostnetart.com.br\/baixada\/wp-json\/wp\/v2\/tags?post=16925"}],"curies":[{"name":"wp","href":"https:\/\/api.w.org\/{rel}","templated":true}]}}