{"id":16923,"date":"2025-12-02T13:34:27","date_gmt":"2025-12-02T16:34:27","guid":{"rendered":"https:\/\/hostnetart.com.br\/baixada\/sindicato-dos-bancarios-da-baixada-fluminense-reintegra-mais-uma-funcionaria-do-itau-7\/"},"modified":"2025-12-02T13:34:27","modified_gmt":"2025-12-02T16:34:27","slug":"sindicato-dos-bancarios-da-baixada-fluminense-reintegra-mais-uma-funcionaria-do-itau-7","status":"publish","type":"post","link":"https:\/\/hostnetart.com.br\/baixada\/sindicato-dos-bancarios-da-baixada-fluminense-reintegra-mais-uma-funcionaria-do-itau-7\/","title":{"rendered":"Sindicato dos Banc\u00e1rios da Baixada Fluminense reintegra mais uma funcion\u00e1ria do Ita\u00fa"},"content":{"rendered":"<p>Nesta ter\u00e7a-feira, 2 de dezembro, o Sindicato dos Banc\u00e1rios da Baixada Fluminense reintegrou mais uma funcion\u00e1ria do Banco Ita\u00fa.<\/p>\n<p>Tha\u00eds de Freitas Braga, da ag\u00eancia de Queimados (6891), foi demitida em agostos de 2025, por dispensa sem justa causa e\u00a0com proje\u00e7\u00e3o do aviso pr\u00e9vio indenizado para setembro do mesmo ano, ocupando a fun\u00e7\u00e3o de Agente de Neg\u00f3cios.<\/p>\n<p>A banc\u00e1ria foi reintegrada em raz\u00e3o de doen\u00e7a ocupacional reconhecida pelo INSS. E\u00a0teve todos os seus direitos restabelecidos.<\/p>\n<p><span style=\"font-size: 12.16px;\">Tha\u00eds \u00e9 sindicalizada e teve o suporte e atendimento do Departamento Jur\u00eddico do Sindicato, atrav\u00e9s do advogado Luiz Paulo, do Escrit\u00f3rio Baptista &amp; Reis Advogados Associados, e pelo Departamento de Sa\u00fade.<\/span><\/p>\n<p><span style=\"font-size: 12.16px;\">&#8220;<em>Minha reintegra\u00e7\u00e3o ao Ita\u00fa, pelo Sindicato dos Banc\u00e1rios, marcou o fim de uma fase dif\u00edcil e o come\u00e7o de uma nova. Sou muito grata \u00e0 Renata, que me acompanha desde meu est\u00e1gio em 2022 e que, no dia do meu desligamento, me recebeu com todo carinho e respeito. Agrade\u00e7o, tamb\u00e9m, ao Dr. Luiz Paulo e ao Rubio pelo suporte nos dias mais dif\u00edceis, pelas mensagens sempre respondidas com prontid\u00e3o e pela aten\u00e7\u00e3o em cada detalhe. O bom relacionamento e o cuidado de todos fizeram toda a diferen\u00e7a. Sou grata por tudo<\/em>.&#8221;, agradeceu a banc\u00e1ria.<br \/><\/span><\/p>\n<p>A reintegra\u00e7\u00e3o foi acompanhada pela Diretora Elizabeth Paradela.<\/p>\n<p><strong>IMPORTANTE<\/strong><\/p>\n<p>\u00c9 fundamental que banc\u00e1rias e banc\u00e1rios, logo que sejam informados de suas demiss\u00f5es, procurem imediatamente atendimento no Sindicato.<\/p>\n<p><b>ATENDIMENTO JUR\u00cdDICO PRESENCIAL<\/b><\/p>\n<p>Nova Igua\u00e7u\u00a0&#8211; \u00e0s\u00a0<em><strong>ter\u00e7as-feiras<\/strong><\/em>, das 11 horas\u00a0<span dir=\"ltr\">\u00e0 13 horas\u00a0<\/span>e das 14 horas \u00e0s 17 horas (telefone:\u00a0<span dir=\"ltr\"><a href=\"tel:21 \/ 2658-8041\">21 \/ 2658-8041<\/a><\/span>)<\/p>\n<p>Duque de Caxias\u00a0&#8211; \u00e0s\u00a0<strong><em>quintas-feiras<\/em><\/strong>, das 10 horas \u00e0s 13 horas (telefone:\u00a0<span dir=\"ltr\"><a href=\"tel:21 \/ 26710-110\">21 \/ 26710-110<\/a><\/span>)<\/p>\n<p><b>SINDICALIZE-SE!<\/b><\/p>\n<p>\u00a0<\/p>\n<p>\u00a0<\/p>\n<p>\u00a0<\/p>\n","protected":false},"excerpt":{"rendered":"<p>Nesta ter\u00e7a-feira, 2 de dezembro, o Sindicato dos Banc\u00e1rios da Baixada Fluminense reintegrou mais uma funcion\u00e1ria do Banco Ita\u00fa. Tha\u00eds de Freitas Braga, da ag\u00eancia de Queimados (6891), foi demitida em agostos de 2025, por dispensa sem justa causa e\u00a0com proje\u00e7\u00e3o do aviso pr\u00e9vio indenizado para setembro do mesmo ano, ocupando a fun\u00e7\u00e3o de Agente [&hellip;]<\/p>\n","protected":false},"author":2,"featured_media":16922,"comment_status":"","ping_status":"","sticky":false,"template":"","format":"standard","meta":{"footnotes":""},"categories":[3],"tags":[],"class_list":["post-16923","post","type-post","status-publish","format-standard","has-post-thumbnail","hentry","category-noticias"],"_links":{"self":[{"href":"https:\/\/hostnetart.com.br\/baixada\/wp-json\/wp\/v2\/posts\/16923","targetHints":{"allow":["GET"]}}],"collection":[{"href":"https:\/\/hostnetart.com.br\/baixada\/wp-json\/wp\/v2\/posts"}],"about":[{"href":"https:\/\/hostnetart.com.br\/baixada\/wp-json\/wp\/v2\/types\/post"}],"author":[{"embeddable":true,"href":"https:\/\/hostnetart.com.br\/baixada\/wp-json\/wp\/v2\/users\/2"}],"replies":[{"embeddable":true,"href":"https:\/\/hostnetart.com.br\/baixada\/wp-json\/wp\/v2\/comments?post=16923"}],"version-history":[{"count":0,"href":"https:\/\/hostnetart.com.br\/baixada\/wp-json\/wp\/v2\/posts\/16923\/revisions"}],"wp:featuredmedia":[{"embeddable":true,"href":"https:\/\/hostnetart.com.br\/baixada\/wp-json\/wp\/v2\/media\/16922"}],"wp:attachment":[{"href":"https:\/\/hostnetart.com.br\/baixada\/wp-json\/wp\/v2\/media?parent=16923"}],"wp:term":[{"taxonomy":"category","embeddable":true,"href":"https:\/\/hostnetart.com.br\/baixada\/wp-json\/wp\/v2\/categories?post=16923"},{"taxonomy":"post_tag","embeddable":true,"href":"https:\/\/hostnetart.com.br\/baixada\/wp-json\/wp\/v2\/tags?post=16923"}],"curies":[{"name":"wp","href":"https:\/\/api.w.org\/{rel}","templated":true}]}}