{"id":16917,"date":"2025-11-28T18:07:33","date_gmt":"2025-11-28T21:07:33","guid":{"rendered":"https:\/\/hostnetart.com.br\/baixada\/atuacao-nas-redes-sociais-e-tema-de-workshop-de-comunicacao-para-dirigentes-sindicais\/"},"modified":"2025-11-28T18:07:33","modified_gmt":"2025-11-28T21:07:33","slug":"atuacao-nas-redes-sociais-e-tema-de-workshop-de-comunicacao-para-dirigentes-sindicais","status":"publish","type":"post","link":"https:\/\/hostnetart.com.br\/baixada\/atuacao-nas-redes-sociais-e-tema-de-workshop-de-comunicacao-para-dirigentes-sindicais\/","title":{"rendered":"Atua\u00e7\u00e3o nas redes sociais \u00e9 tema de Workshop de Comunica\u00e7\u00e3o para dirigentes sindicais"},"content":{"rendered":"<p>A Confedera\u00e7\u00e3o Nacional dos Trabalhadores do Ramo Financeiro (Contraf-CUT), em parceria com a Federa\u00e7\u00e3o dos Trabalhadores do Ramo Financeiro dos Estados do Rio de Janeiro e Esp\u00edrito Santo, realizou nesta quinta-feira (27\/11), um Workshop de Comunica\u00e7\u00e3o para dirigentes sindicais dos sindicatos filiados Fetraf RJ\/ES. A atividade foi realizada na sede da federa\u00e7\u00e3o.<\/p>\n<p>As atividades de forma\u00e7\u00e3o e instru\u00e7\u00e3o foram conduzidas por um dos respons\u00e1veis pelas redes sociais da Contraf-CUT, Henrique Guilherme Batista. Os participantes puderam aprender, na teoria e na pr\u00e1tica, sobre os desafios do dia a dia na comunica\u00e7\u00e3o e nas redes.<\/p>\n<p>\u201cO conte\u00fado trabalhado no workshop vai ajudar os dirigentes e nossas entidades filiadas a ampliar sua atua\u00e7\u00e3o nas redes e, principalmente, a levar as informa\u00e7\u00f5es da categoria sob uma \u00f3tica do movimento de representa\u00e7\u00e3o sindical dos trabalhadores para um n\u00famero maior de banc\u00e1rios e banc\u00e1rias\u201d, disse o presidente da Fetraf RJ\/ES, Nilton Esperan\u00e7a. \u201cAgradecemos \u00e0 Contraf-CUT pela contribui\u00e7\u00e3o nesta forma\u00e7\u00e3o\u201d, completou.<\/p>\n<h2><strong>Muito al\u00e9m da postagem<\/strong><\/h2>\n<p>\u201cSaber criar um card, um v\u00eddeo e um texto \u00e9 parte importante da atua\u00e7\u00e3o nas redes sociais, mas, para atingirmos nosso p\u00fablico-alvo, o trabalho precisa ir muito al\u00e9m da cria\u00e7\u00e3o e da postagem. \u00c9 uma tarefa intensa que passa pela defini\u00e7\u00e3o do objetivo, defini\u00e7\u00e3o do p\u00fablico, da linguagem (e isso inclui n\u00e3o apenas o texto, mas tamb\u00e9m a imagem, as cores, tipologia das letras&#8230;), e tamb\u00e9m do acompanhamento ap\u00f3s a postagem, com respostas e engajamento com as redes de entidades parceiras\u201d, explicou o Guilherme.<\/p>\n<p>Durante o workshop foram apresentados diversos exemplos e n\u00fameros que mostram a import\u00e2ncia de fortalecer a identidade e a unidade interna; tornar vis\u00edvel as reivindica\u00e7\u00f5es; ganhar o apoio da sociedade; e atrair novos filiados. Pontos importantes que precisam ter a comunica\u00e7\u00e3o como ferramenta estrat\u00e9gica para convencer e alcan\u00e7ar as transforma\u00e7\u00f5es que as entidades buscam.<\/p>\n<p>\u201cAtendemos com muita satisfa\u00e7\u00e3o o pedido da Fetraf RJ\/ES para colaborarmos com a forma\u00e7\u00e3o, pois sabemos da import\u00e2ncia da atua\u00e7\u00e3o nas redes sociais para levarmos os ideais do movimento sindical de representa\u00e7\u00e3o dos trabalhadores para o maior n\u00famero poss\u00edvel de pessoas. E, sem abandonarmos a a\u00e7\u00e3o presencial nas ag\u00eancias e departamentos banc\u00e1rios, sabemos o quanto as redes sociais pode contribuir com nosso trabalho de mobiliza\u00e7\u00e3o a a\u00e7\u00e3o sindical\u201d, disse o secret\u00e1rio de Comunica\u00e7\u00e3o da Contraf-CUT, Elias Hennemann Jord\u00e3o. \u201cPor isso, nos colocamos \u00e0 disposi\u00e7\u00e3o da nossa secretaria de Forma\u00e7\u00e3o e das entidades para contribuir com essa tarefa\u201d, completou.<\/p>\n<p><strong>Fonte: Contraf-CUT<\/strong><\/p>\n","protected":false},"excerpt":{"rendered":"<p>A Confedera\u00e7\u00e3o Nacional dos Trabalhadores do Ramo Financeiro (Contraf-CUT), em parceria com a Federa\u00e7\u00e3o dos Trabalhadores do Ramo Financeiro dos Estados do Rio de Janeiro e Esp\u00edrito Santo, realizou nesta quinta-feira (27\/11), um Workshop de Comunica\u00e7\u00e3o para dirigentes sindicais dos sindicatos filiados Fetraf RJ\/ES. A atividade foi realizada na sede da federa\u00e7\u00e3o. As atividades de [&hellip;]<\/p>\n","protected":false},"author":2,"featured_media":16916,"comment_status":"","ping_status":"","sticky":false,"template":"","format":"standard","meta":{"footnotes":""},"categories":[3],"tags":[],"class_list":["post-16917","post","type-post","status-publish","format-standard","has-post-thumbnail","hentry","category-noticias"],"_links":{"self":[{"href":"https:\/\/hostnetart.com.br\/baixada\/wp-json\/wp\/v2\/posts\/16917","targetHints":{"allow":["GET"]}}],"collection":[{"href":"https:\/\/hostnetart.com.br\/baixada\/wp-json\/wp\/v2\/posts"}],"about":[{"href":"https:\/\/hostnetart.com.br\/baixada\/wp-json\/wp\/v2\/types\/post"}],"author":[{"embeddable":true,"href":"https:\/\/hostnetart.com.br\/baixada\/wp-json\/wp\/v2\/users\/2"}],"replies":[{"embeddable":true,"href":"https:\/\/hostnetart.com.br\/baixada\/wp-json\/wp\/v2\/comments?post=16917"}],"version-history":[{"count":0,"href":"https:\/\/hostnetart.com.br\/baixada\/wp-json\/wp\/v2\/posts\/16917\/revisions"}],"wp:featuredmedia":[{"embeddable":true,"href":"https:\/\/hostnetart.com.br\/baixada\/wp-json\/wp\/v2\/media\/16916"}],"wp:attachment":[{"href":"https:\/\/hostnetart.com.br\/baixada\/wp-json\/wp\/v2\/media?parent=16917"}],"wp:term":[{"taxonomy":"category","embeddable":true,"href":"https:\/\/hostnetart.com.br\/baixada\/wp-json\/wp\/v2\/categories?post=16917"},{"taxonomy":"post_tag","embeddable":true,"href":"https:\/\/hostnetart.com.br\/baixada\/wp-json\/wp\/v2\/tags?post=16917"}],"curies":[{"name":"wp","href":"https:\/\/api.w.org\/{rel}","templated":true}]}}