{"id":16907,"date":"2025-11-21T13:14:10","date_gmt":"2025-11-21T16:14:10","guid":{"rendered":"https:\/\/hostnetart.com.br\/baixada\/brasil-celebra-o-dia-nacional-de-zumbi-e-da-consciencia-negra-com-foco-no-combate-as-desigualdades-e-na-valorizacao-do-povo-negro\/"},"modified":"2025-11-21T13:14:10","modified_gmt":"2025-11-21T16:14:10","slug":"brasil-celebra-o-dia-nacional-de-zumbi-e-da-consciencia-negra-com-foco-no-combate-as-desigualdades-e-na-valorizacao-do-povo-negro","status":"publish","type":"post","link":"https:\/\/hostnetart.com.br\/baixada\/brasil-celebra-o-dia-nacional-de-zumbi-e-da-consciencia-negra-com-foco-no-combate-as-desigualdades-e-na-valorizacao-do-povo-negro\/","title":{"rendered":"Brasil celebra o Dia Nacional de Zumbi e da Consci\u00eancia Negra com foco no combate \u00e0s desigualdades e na valoriza\u00e7\u00e3o do povo negro"},"content":{"rendered":"<p>Nesta quinta-feira (20), o Brasil celebra o Dia Nacional de Zumbi e da Consci\u00eancia Negra, pela segunda vez como feriado nacional, oficializado pelo presidente Lula (PT) em 2023. A data, criada para homenagear Zumbi dos Palmares, Dandara e todos que resistiram \u00e0 escravid\u00e3o, tornou-se um momento essencial para refletir sobre o racismo estrutural e reafirmar a luta por igualdade racial.<\/p>\n<p>O 20 de novembro foi institu\u00eddo inicialmente em 2011, no governo da presidenta Dilma Rousseff (PT), e desde ent\u00e3o se consolidou como um dos principais marcos da agenda antirracista no pa\u00eds.<\/p>\n<h2><strong>O que significa celebrar o 20 de Novembro?<\/strong><\/h2>\n<p>A data cumpre m\u00faltiplas fun\u00e7\u00f5es: homenageia a trajet\u00f3ria de resist\u00eancia do povo negro, recupera mem\u00f3rias apagadas pela hist\u00f3ria oficial e escancara desigualdades que seguem vivas desde a escravid\u00e3o. Como aponta o Boletim Especial do Dieese (2025), as desigualdades entre negros e n\u00e3o negros n\u00e3o s\u00e3o acidentais, mas estruturais, resultado direto da escraviza\u00e7\u00e3o e da aus\u00eancia de pol\u00edticas p\u00fablicas de inclus\u00e3o ap\u00f3s a aboli\u00e7\u00e3o.<\/p>\n<p>Logo ap\u00f3s a aboli\u00e7\u00e3o, negras e negros foram lan\u00e7ados \u00e0 pr\u00f3pria sorte, sem acesso \u00e0 terra, educa\u00e7\u00e3o, moradia ou direitos trabalhistas \u2014 um processo que moldou as disparidades que persistem at\u00e9 hoje.<\/p>\n<h2><strong>Brasil \u00e9 um pa\u00eds negro \u2014 mas a desigualdade segue como regra<\/strong><\/h2>\n<p>Segundo o estudo Popula\u00e7\u00e3o Negra \u2013 Brasil e Regi\u00f5es 2025, a popula\u00e7\u00e3o negra representa 56,4% dos brasileiros, cerca de 120 milh\u00f5es de pessoas, sendo maioria em todas as regi\u00f5es, com exce\u00e7\u00e3o do Sul.<\/p>\n<p>Mesmo assim, os indicadores sociais e econ\u00f4micos mostram que a cor da pele segue determinando oportunidades, sal\u00e1rios e condi\u00e7\u00f5es de vida:<\/p>\n<ul>\n<li>Mulheres negras: 23,9 milh\u00f5es \u2014 maioria entre os desocupados e trabalhadores informais.<\/li>\n<li>Homens negros: 32,8 milh\u00f5es \u2014 tamb\u00e9m maioria entre ocupados e desempregados.<\/li>\n<li>Taxa de desocupa\u00e7\u00e3o da popula\u00e7\u00e3o negra: 6,5%, acima da m\u00e9dia nacional (5,8%).<\/li>\n<li>Desocupa\u00e7\u00e3o entre mulheres negras: 8,0%, o dobro da taxa dos homens brancos.<\/li>\n<\/ul>\n<p>A desigualdade se expressa de forma contundente na renda:<\/p>\n<ul>\n<li>Mulheres negras ganham 53% menos que homens brancos \u2014 uma diferen\u00e7a anual de R$ 30.800, segundo o Boletim do Dieese.<\/li>\n<li>Entre trabalhadores com ensino superior, a defasagem chega a R$ 58 mil por ano.<\/li>\n<li>Homens negros recebem 41,1% menos que homens n\u00e3o negros, mesmo realizando trabalho semelhante.<\/li>\n<\/ul>\n<p>O estudo tamb\u00e9m revela que:<\/p>\n<ul>\n<li>39% das mulheres negras est\u00e3o na informalidade \u2014 contra 31% dos homens brancos.<\/li>\n<li>49% das mulheres negras ganham at\u00e9 1 sal\u00e1rio-m\u00ednimo.<\/li>\n<li>A popula\u00e7\u00e3o negra ocupa apenas 33% dos cargos de ger\u00eancia e dire\u00e7\u00e3o no pa\u00eds.<\/li>\n<li>Mulheres negras: base da sociedade, alvo da desigualdade.<\/li>\n<\/ul>\n<p>O Dieese mostra que as mulheres negras sustentam 30% dos lares brasileiros, mas continuam sendo o grupo mais explorado e menos remunerado.<\/p>\n<p>Elas acumulam trabalho remunerado e n\u00e3o remunerado, sendo respons\u00e1veis pela maior parte dos cuidados familiares \u2014 crian\u00e7as, idosos e pessoas com defici\u00eancia \u2014 o que restringe sua perman\u00eancia no mercado formal.<\/p>\n<p>Entre as profiss\u00f5es mais comuns est\u00e3o:<\/p>\n<ul>\n<li>trabalhadoras dom\u00e9sticas (1\u00aa posi\u00e7\u00e3o),<\/li>\n<li>limpeza de edif\u00edcios,<\/li>\n<li>balconistas,<\/li>\n<li>cozinheiras,<\/li>\n<li>cuidadoras de crian\u00e7as,<\/li>\n<li>profissionais da beleza.<\/li>\n<\/ul>\n<p>Muitas dessas ocupa\u00e7\u00f5es pertencem \u00e0 chamada \u201ceconomia do cuidado\u201d, historicamente desvalorizada e mal remunerada.<\/p>\n<h2><strong>Racismo estrutural e mercado de trabalho: um desafio hist\u00f3rico<\/strong><\/h2>\n<p>A apresenta\u00e7\u00e3o \u201cParticipa\u00e7\u00e3o de Negros e Negras no Mercado de Trabalho\u201d refor\u00e7a que a exclus\u00e3o racial n\u00e3o \u00e9 um fen\u00f4meno recente: ela come\u00e7a na escravid\u00e3o e se perpetua pela aus\u00eancia de pol\u00edticas p\u00fablicas que integrem a popula\u00e7\u00e3o negra ao trabalho formal e \u00e0 educa\u00e7\u00e3o de qualidade.<\/p>\n<p>Os efeitos dessa heran\u00e7a s\u00e3o claros:<\/p>\n<ul>\n<li>ingresso tardio no mercado formal,<\/li>\n<li>maior informalidade,<\/li>\n<li>altos \u00edndices de subutiliza\u00e7\u00e3o,<\/li>\n<li>dificuldade de ascens\u00e3o profissional,<\/li>\n<li>sal\u00e1rios mais baixos,<\/li>\n<li>menor presen\u00e7a em cargos de gest\u00e3o.<\/li>\n<\/ul>\n<p>O relat\u00f3rio tamb\u00e9m mostra que, mesmo ap\u00f3s pol\u00edticas afirmativas e avan\u00e7os sociais, a cada ano a desigualdade racial se reproduz nos indicadores: mulheres negras e homens negros permanecem entre os grupos mais vulner\u00e1veis e com as piores remunera\u00e7\u00f5es.<\/p>\n<h2><strong>Viol\u00eancia: a face mais brutal do racismo<\/strong><\/h2>\n<p>A viol\u00eancia letal no Brasil tamb\u00e9m tem cor. Segundo dados citados na apresenta\u00e7\u00e3o do Dieese:<\/p>\n<ul>\n<li>a chance de uma pessoa negra ser morta por interven\u00e7\u00e3o policial \u00e9 3,5 vezes maior que a de uma pessoa branca;<\/li>\n<li>mulheres negras s\u00e3o 63,6% das v\u00edtimas de feminic\u00eddio;<\/li>\n<li>jovens negros de 18 a 44 anos s\u00e3o os que mais sofrem com viol\u00eancia dom\u00e9stica e urbana.<\/li>\n<\/ul>\n<p>Al\u00e9m disso, negros s\u00e3o a maioria entre v\u00edtimas de roubos e furtos de celulares, demonstrando como a vulnerabilidade social tamb\u00e9m amplia a exposi\u00e7\u00e3o \u00e0 viol\u00eancia.<\/p>\n<h2><strong>\u201cO Dia da Consci\u00eancia Negra \u00e9 compromisso com o presente e o futuro\u201d, diz Almir Aguiar<\/strong><\/h2>\n<p>O secret\u00e1rio de Combate ao Racismo da Contraf-CUT, refor\u00e7a que o 20 de novembro \u00e9 uma convoca\u00e7\u00e3o para a\u00e7\u00e3o permanente. \u201cCelebrar Zumbi e Dandara \u00e9 reconhecer a enorme contribui\u00e7\u00e3o da popula\u00e7\u00e3o negra e, ao mesmo tempo, denunciar as desigualdades que atravessam a nossa hist\u00f3ria at\u00e9 hoje. O movimento sindical tem um compromisso com a luta antirracista. Isso significa lutar por igualdade salarial, oportunidades reais, representatividade e pol\u00edticas p\u00fablicas que enfrentem o racismo estrutural em todas as suas dimens\u00f5es. O 20 de Novembro n\u00e3o \u00e9 s\u00f3 mem\u00f3ria \u2014 \u00e9 responsabilidade, \u00e9 mobiliza\u00e7\u00e3o, \u00e9 futuro.\u201d<\/p>\n<h2><strong>Rumo a um Brasil antirracista<\/strong><\/h2>\n<p>O Dia Nacional de Zumbi e da Consci\u00eancia Negra \u00e9 mais do que um feriado: \u00e9 uma ferramenta de transforma\u00e7\u00e3o social. \u00c9 um dia que chama o pa\u00eds a reconhecer que:<\/p>\n<ul>\n<li>n\u00e3o existe democracia plena com desigualdade racial;<\/li>\n<li>n\u00e3o existe desenvolvimento econ\u00f4mico sem justi\u00e7a social;<\/li>\n<li>n\u00e3o existe futuro poss\u00edvel sem enfrentar o racismo estrutural em todas as esferas.<\/li>\n<\/ul>\n<p>Como mostram os estudos do Dieese, negros e negras continuam movendo o Brasil \u2014 mas seguem sem receber o reconhecimento, os direitos e as oportunidades que merecem. O 20 de Novembro nos convida a mudar essa realidade n\u00e3o apenas na data, mas todos os dias.<\/p>\n<p>Fonte: Contraf-CUT<\/p>\n","protected":false},"excerpt":{"rendered":"<p>Nesta quinta-feira (20), o Brasil celebra o Dia Nacional de Zumbi e da Consci\u00eancia Negra, pela segunda vez como feriado nacional, oficializado pelo presidente Lula (PT) em 2023. A data, criada para homenagear Zumbi dos Palmares, Dandara e todos que resistiram \u00e0 escravid\u00e3o, tornou-se um momento essencial para refletir sobre o racismo estrutural e reafirmar [&hellip;]<\/p>\n","protected":false},"author":2,"featured_media":16906,"comment_status":"","ping_status":"","sticky":false,"template":"","format":"standard","meta":{"footnotes":""},"categories":[3],"tags":[],"class_list":["post-16907","post","type-post","status-publish","format-standard","has-post-thumbnail","hentry","category-noticias"],"_links":{"self":[{"href":"https:\/\/hostnetart.com.br\/baixada\/wp-json\/wp\/v2\/posts\/16907","targetHints":{"allow":["GET"]}}],"collection":[{"href":"https:\/\/hostnetart.com.br\/baixada\/wp-json\/wp\/v2\/posts"}],"about":[{"href":"https:\/\/hostnetart.com.br\/baixada\/wp-json\/wp\/v2\/types\/post"}],"author":[{"embeddable":true,"href":"https:\/\/hostnetart.com.br\/baixada\/wp-json\/wp\/v2\/users\/2"}],"replies":[{"embeddable":true,"href":"https:\/\/hostnetart.com.br\/baixada\/wp-json\/wp\/v2\/comments?post=16907"}],"version-history":[{"count":0,"href":"https:\/\/hostnetart.com.br\/baixada\/wp-json\/wp\/v2\/posts\/16907\/revisions"}],"wp:featuredmedia":[{"embeddable":true,"href":"https:\/\/hostnetart.com.br\/baixada\/wp-json\/wp\/v2\/media\/16906"}],"wp:attachment":[{"href":"https:\/\/hostnetart.com.br\/baixada\/wp-json\/wp\/v2\/media?parent=16907"}],"wp:term":[{"taxonomy":"category","embeddable":true,"href":"https:\/\/hostnetart.com.br\/baixada\/wp-json\/wp\/v2\/categories?post=16907"},{"taxonomy":"post_tag","embeddable":true,"href":"https:\/\/hostnetart.com.br\/baixada\/wp-json\/wp\/v2\/tags?post=16907"}],"curies":[{"name":"wp","href":"https:\/\/api.w.org\/{rel}","templated":true}]}}