{"id":1689,"date":"2014-10-26T00:00:00","date_gmt":"2014-10-26T02:00:00","guid":{"rendered":"https:\/\/hostnetart.com.br\/baixada\/desemprego-tem-a-menor-taxa-para-setembro-desde-2002-diz-ibge\/"},"modified":"2014-10-26T00:00:00","modified_gmt":"2014-10-26T02:00:00","slug":"desemprego-tem-a-menor-taxa-para-setembro-desde-2002-diz-ibge","status":"publish","type":"post","link":"https:\/\/hostnetart.com.br\/baixada\/desemprego-tem-a-menor-taxa-para-setembro-desde-2002-diz-ibge\/","title":{"rendered":"Desemprego tem a menor taxa para setembro desde 2002, diz IBGE"},"content":{"rendered":"<p><b>G1<\/b><br \/><i>Anay Cury e Cristiane Cardoso<\/i><\/p>\n<p>Em setembro, a taxa de desemprego ficou em 4,9% no conjunto das seis regi\u00f5es metropolitanas, depois de marcar 5% no m\u00eas anterior, a menor em 12 anos, segundo o Instituto Brasileiro de Geografia e Estat\u00edstica (IBGE).\u00a0<\/p>\n<p>O \u00edndice de setembro \u00e9 o menor para o m\u00eas de setembro da s\u00e9rie hist\u00f3rica da pesquisa, iniciada em mar\u00e7o de 2002. No mesmo m\u00eas do ano passado, o desemprego ficou em 5,4%.\u00a0<\/p>\n<p>A quantidade de pessoas desocupadas chegou a 1,2 milh\u00e3o e mostrou estabilidade na compara\u00e7\u00e3o com agosto. J\u00e1 frente a setembro do ano passado, foi registrada queda de 10,9%. Quanto \u00e0 popula\u00e7\u00e3o ocupada, que bateu 23,1 milh\u00f5es, n\u00e3o houve varia\u00e7\u00e3o nem em rela\u00e7\u00e3o ao m\u00eas anterior nem diante de setembro de 2013.\u00a0<\/p>\n<p>O n\u00famero de trabalhadores com carteira de trabalho assinada no setor privado atingiu 11,7 milh\u00f5es, ficando est\u00e1vel em ambas compara\u00e7\u00f5es.<br \/>O sal\u00e1rio m\u00e9dio dos trabalhadores ficou em R$ 2.067,10 \u2013 um aumento de 1,5% em rela\u00e7\u00e3o a um ano atr\u00e1s. Mas, frente a agosto, ficou praticamente est\u00e1vel.<\/p>\n<p>Na an\u00e1lise regional, em rela\u00e7\u00e3o a agosto, a desocupa\u00e7\u00e3o cresceu no Rio de Janeiro, de 3% para 3,4% e diminuiu em S\u00e3o Paulo, de 5,1% para 4,5%. Nas outras regi\u00f5es pesquisadas, n\u00e3o houve varia\u00e7\u00e3o. No entanto, quando s\u00e3o os comparados os mesmos meses de 2012 e 2013, observa-se que a taxa avan\u00e7ou em Porto Alegre, de 3,4% para 4,9%, mas recuou em S\u00e3o Paulo, de 5,8% para 4,5%, e no Rio de Janeiro, de 4,4% para 3,4%. No restante das regi\u00f5es metropolitanas, as taxas ficaram parecidas frente a um ano atr\u00e1s.<\/p>\n<p>Na an\u00e1lise dos ocupados por grupamentos de atividade, para o conjunto das seis regi\u00f5es, de agosto para setembro de 2014, houve varia\u00e7\u00e3o significativa no grupamento da Constru\u00e7\u00e3o (queda de 3,5%, menos 63 mil pessoas). Em rela\u00e7\u00e3o a setembro de 2013, o grupamento da Ind\u00fastria ficou 6,4%menor, enquanto Outros servi\u00e7os cresceu 3,3%.<\/p>\n<p>Fonte: G1<\/p>\n","protected":false},"excerpt":{"rendered":"<p>G1Anay Cury e Cristiane Cardoso Em setembro, a taxa de desemprego ficou em 4,9% no conjunto das seis regi\u00f5es metropolitanas, depois de marcar 5% no m\u00eas anterior, a menor em 12 anos, segundo o Instituto Brasileiro de Geografia e Estat\u00edstica (IBGE).\u00a0 O \u00edndice de setembro \u00e9 o menor para o m\u00eas de setembro da s\u00e9rie [&hellip;]<\/p>\n","protected":false},"author":1,"featured_media":0,"comment_status":"","ping_status":"","sticky":false,"template":"","format":"standard","meta":{"footnotes":""},"categories":[3],"tags":[],"class_list":["post-1689","post","type-post","status-publish","format-standard","hentry","category-noticias"],"_links":{"self":[{"href":"https:\/\/hostnetart.com.br\/baixada\/wp-json\/wp\/v2\/posts\/1689","targetHints":{"allow":["GET"]}}],"collection":[{"href":"https:\/\/hostnetart.com.br\/baixada\/wp-json\/wp\/v2\/posts"}],"about":[{"href":"https:\/\/hostnetart.com.br\/baixada\/wp-json\/wp\/v2\/types\/post"}],"author":[{"embeddable":true,"href":"https:\/\/hostnetart.com.br\/baixada\/wp-json\/wp\/v2\/users\/1"}],"replies":[{"embeddable":true,"href":"https:\/\/hostnetart.com.br\/baixada\/wp-json\/wp\/v2\/comments?post=1689"}],"version-history":[{"count":0,"href":"https:\/\/hostnetart.com.br\/baixada\/wp-json\/wp\/v2\/posts\/1689\/revisions"}],"wp:attachment":[{"href":"https:\/\/hostnetart.com.br\/baixada\/wp-json\/wp\/v2\/media?parent=1689"}],"wp:term":[{"taxonomy":"category","embeddable":true,"href":"https:\/\/hostnetart.com.br\/baixada\/wp-json\/wp\/v2\/categories?post=1689"},{"taxonomy":"post_tag","embeddable":true,"href":"https:\/\/hostnetart.com.br\/baixada\/wp-json\/wp\/v2\/tags?post=1689"}],"curies":[{"name":"wp","href":"https:\/\/api.w.org\/{rel}","templated":true}]}}