{"id":16883,"date":"2025-11-13T13:40:59","date_gmt":"2025-11-13T16:40:59","guid":{"rendered":"https:\/\/hostnetart.com.br\/baixada\/carta-de-fortaleza-define-agenda-nacional-de-combate-ao-racismo-e-de-promocao-da-inclusao-no-sistema-financeiro\/"},"modified":"2025-11-13T13:40:59","modified_gmt":"2025-11-13T16:40:59","slug":"carta-de-fortaleza-define-agenda-nacional-de-combate-ao-racismo-e-de-promocao-da-inclusao-no-sistema-financeiro","status":"publish","type":"post","link":"https:\/\/hostnetart.com.br\/baixada\/carta-de-fortaleza-define-agenda-nacional-de-combate-ao-racismo-e-de-promocao-da-inclusao-no-sistema-financeiro\/","title":{"rendered":"Carta de Fortaleza define agenda nacional de combate ao racismo e de promo\u00e7\u00e3o da inclus\u00e3o no sistema financeiro"},"content":{"rendered":"<div class=\"elementor-element elementor-element-081705a elementor-widget elementor-widget-theme-post-title elementor-page-title elementor-widget-heading\" data-id=\"081705a\" data-element_type=\"widget\" data-widget_type=\"theme-post-title.default\">\n<div class=\"elementor-widget-container\">\n<h1 class=\"elementor-heading-title elementor-size-default\">\u00a0<\/h1>\n<p>O VIII F\u00f3rum Nacional pela Visibilidade Negra no Sistema Financeiro encerrou-se na \u00faltima sexta-feira (7), em Fortaleza (CE), com a aprova\u00e7\u00e3o un\u00e2nime da Carta de Fortaleza, um documento que re\u00fane propostas estrat\u00e9gicas para o enfrentamento do racismo e a promo\u00e7\u00e3o da igualdade racial no setor financeiro.<\/p>\n<p>Realizado na sede do Sindicato dos Banc\u00e1rios do Cear\u00e1, o encontro reuniu cerca de 120 delegados e delegadas de sindicatos e federa\u00e7\u00f5es de trabalhadores do ramo financeiro de todo o pa\u00eds, consolidando-se como um dos espa\u00e7os mais importantes de reflex\u00e3o e formula\u00e7\u00e3o de pol\u00edticas de combate \u00e0 discrimina\u00e7\u00e3o racial.<\/p>\n<p>Durante dois dias de debates, pain\u00e9is, exposi\u00e7\u00f5es e trocas de experi\u00eancias, o F\u00f3rum aprofundou temas como desigualdade racial, pol\u00edticas afirmativas, condi\u00e7\u00f5es de trabalho, viol\u00eancia estrutural e os desafios trazidos pela transforma\u00e7\u00e3o digital e pela intelig\u00eancia artificial. As discuss\u00f5es resultaram na elabora\u00e7\u00e3o de uma agenda que reafirma o compromisso do movimento sindical banc\u00e1rio com a constru\u00e7\u00e3o de um sistema financeiro mais justo, inclusivo e representativo da diversidade brasileira.<\/p>\n<p>A Carta de Fortaleza prop\u00f5e uma s\u00e9rie de a\u00e7\u00f5es que ser\u00e3o levadas \u00e0s minutas de reivindica\u00e7\u00f5es da categoria, com desdobramento nas confer\u00eancias regionais e nacional da Campanha 2026, garantindo que a luta por igualdade racial se traduza tamb\u00e9m em conquistas na Conven\u00e7\u00e3o Coletiva de Trabalho dos banc\u00e1rios.<\/p>\n<p>Entre as propostas aprovadas est\u00e3o:<\/p>\n<ul>\n<li>Realizar forma\u00e7\u00f5es com tem\u00e1tica racial, em parceria com a Secretaria de Forma\u00e7\u00e3o Sindical;<\/li>\n<li>Propor projetos de financiamento permanentes para o F\u00f3rum Nacional pela Visibilidade Negra e demais a\u00e7\u00f5es de forma\u00e7\u00e3o;<\/li>\n<li>Incluir trabalhadores terceirizados nas a\u00e7\u00f5es e debates sobre racismo;<\/li>\n<li>Promover atos e manifesta\u00e7\u00f5es em todas as datas relacionadas \u00e0 luta racial, com o slogan \u201cVamos abolir a discrimina\u00e7\u00e3o e promover a inclus\u00e3o, por mais contrata\u00e7\u00e3o de negros e negras nos bancos\u201d;<\/li>\n<li>Criar e fortalecer Coletivos de Combate ao Racismo em federa\u00e7\u00f5es e sindicatos;<\/li>\n<li>Construir protocolos antirracistas com amparo psicol\u00f3gico e jur\u00eddico \u00e0s v\u00edtimas de racismo no ambiente de trabalho;<\/li>\n<li>Acompanhar e monitorar a inser\u00e7\u00e3o e ascens\u00e3o de pessoas negras no sistema financeiro e no movimento sindical;<\/li>\n<li>Estabelecer parcerias com movimentos negros e realizar audi\u00eancias p\u00fablicas sobre a tem\u00e1tica racial;<\/li>\n<li>Defender a implementa\u00e7\u00e3o da Lei 10.639\/2003, que obriga o ensino da hist\u00f3ria e cultura afro-brasileira e africana nas escolas;<\/li>\n<li>Cobrar do Estado a\u00e7\u00f5es concretas contra o racismo estrutural, a desigualdade e a letalidade da juventude negra;<\/li>\n<li>Realizar o F\u00f3rum Nacional pela Visibilidade Negra anualmente e de forma itinerante.<\/li>\n<\/ul>\n<p>Para a secret\u00e1ria de Pol\u00edticas Sociais da Contraf-CUT, Elaine Cutis, o evento cumpriu plenamente seu papel ao unir forma\u00e7\u00e3o, mobiliza\u00e7\u00e3o e encaminhamentos pr\u00e1ticos. \u201cEste F\u00f3rum superou as expectativas. Sa\u00edmos daqui com mais consci\u00eancia, mais forma\u00e7\u00e3o e, principalmente, com a\u00e7\u00f5es objetivas constru\u00eddas coletivamente. \u00c9 um passo importante para manter o debate racial no centro da a\u00e7\u00e3o sindical e transformar realidades dentro dos bancos\u201d, afirmou.<\/p>\n<p>Os dados apresentados durante o F\u00f3rum refor\u00e7aram a urg\u00eancia de pol\u00edticas efetivas: mulheres negras recebem, em m\u00e9dia, 53% a menos que outros trabalhadores, e a juventude negra representa 79% das v\u00edtimas de homic\u00eddios registrados em 2024.<\/p>\n<p>Para o secret\u00e1rio de Combate ao Racismo da Contraf-CUT, Almir Aguiar, o encontro foi fundamental para consolidar o ac\u00famulo de diagn\u00f3sticos e propostas que o movimento sindical vem construindo ao longo dos anos. \u201cO F\u00f3rum mostrou, com precis\u00e3o, que a luta contra o racismo precisa ser permanente e estruturada. Debatemos dados duros, ouvimos especialistas e, principalmente, constru\u00edmos caminhos para avan\u00e7ar. A Carta de Fortaleza \u00e9 um instrumento poderoso, porque traduz indigna\u00e7\u00e3o em a\u00e7\u00e3o, an\u00e1lise em compromisso\u201d, destacou.<\/p>\n<p>Almir tamb\u00e9m refor\u00e7ou que o sistema financeiro precisa enfrentar sua hist\u00f3rica desigualdade interna. \u201cSabemos que a presen\u00e7a negra ainda est\u00e1 concentrada nas bases dos bancos, e isso n\u00e3o \u00e9 aceit\u00e1vel. A partir deste F\u00f3rum, refor\u00e7amos a exig\u00eancia de pol\u00edticas reais de inclus\u00e3o, forma\u00e7\u00e3o e ascens\u00e3o profissional. \u00c9 desta maneira que precisamos transformar o sistema financeiro e contribuir para transformar a sociedade\u201d, concluiu.<\/p>\n<p>O VIII F\u00f3rum Nacional pela Visibilidade Negra no Sistema Financeiro marcou simbolicamente o in\u00edcio do M\u00eas da Consci\u00eancia Negra, reafirmando o compromisso da Contraf-CUT e das entidades sindicais com a mem\u00f3ria de Zumbi dos Palmares, a luta antirracista e a constru\u00e7\u00e3o de um pa\u00eds mais igualit\u00e1rio.<\/p>\n<p><strong>Fonte: Contraf-CUT<\/strong><\/p>\n<\/div>\n<\/div>\n","protected":false},"excerpt":{"rendered":"<p>\u00a0 O VIII F\u00f3rum Nacional pela Visibilidade Negra no Sistema Financeiro encerrou-se na \u00faltima sexta-feira (7), em Fortaleza (CE), com a aprova\u00e7\u00e3o un\u00e2nime da Carta de Fortaleza, um documento que re\u00fane propostas estrat\u00e9gicas para o enfrentamento do racismo e a promo\u00e7\u00e3o da igualdade racial no setor financeiro. Realizado na sede do Sindicato dos Banc\u00e1rios do [&hellip;]<\/p>\n","protected":false},"author":2,"featured_media":16882,"comment_status":"","ping_status":"","sticky":false,"template":"","format":"standard","meta":{"footnotes":""},"categories":[3],"tags":[],"class_list":["post-16883","post","type-post","status-publish","format-standard","has-post-thumbnail","hentry","category-noticias"],"_links":{"self":[{"href":"https:\/\/hostnetart.com.br\/baixada\/wp-json\/wp\/v2\/posts\/16883","targetHints":{"allow":["GET"]}}],"collection":[{"href":"https:\/\/hostnetart.com.br\/baixada\/wp-json\/wp\/v2\/posts"}],"about":[{"href":"https:\/\/hostnetart.com.br\/baixada\/wp-json\/wp\/v2\/types\/post"}],"author":[{"embeddable":true,"href":"https:\/\/hostnetart.com.br\/baixada\/wp-json\/wp\/v2\/users\/2"}],"replies":[{"embeddable":true,"href":"https:\/\/hostnetart.com.br\/baixada\/wp-json\/wp\/v2\/comments?post=16883"}],"version-history":[{"count":0,"href":"https:\/\/hostnetart.com.br\/baixada\/wp-json\/wp\/v2\/posts\/16883\/revisions"}],"wp:featuredmedia":[{"embeddable":true,"href":"https:\/\/hostnetart.com.br\/baixada\/wp-json\/wp\/v2\/media\/16882"}],"wp:attachment":[{"href":"https:\/\/hostnetart.com.br\/baixada\/wp-json\/wp\/v2\/media?parent=16883"}],"wp:term":[{"taxonomy":"category","embeddable":true,"href":"https:\/\/hostnetart.com.br\/baixada\/wp-json\/wp\/v2\/categories?post=16883"},{"taxonomy":"post_tag","embeddable":true,"href":"https:\/\/hostnetart.com.br\/baixada\/wp-json\/wp\/v2\/tags?post=16883"}],"curies":[{"name":"wp","href":"https:\/\/api.w.org\/{rel}","templated":true}]}}