{"id":16879,"date":"2025-11-11T14:41:34","date_gmt":"2025-11-11T17:41:34","guid":{"rendered":"https:\/\/hostnetart.com.br\/baixada\/analise-a-minuta-do-act-saude-caixa\/"},"modified":"2025-11-11T14:41:34","modified_gmt":"2025-11-11T17:41:34","slug":"analise-a-minuta-do-act-saude-caixa","status":"publish","type":"post","link":"https:\/\/hostnetart.com.br\/baixada\/analise-a-minuta-do-act-saude-caixa\/","title":{"rendered":"Analise a minuta do ACT Sa\u00fade Caixa"},"content":{"rendered":"<\/p>\n<p>Sindicatos de banc\u00e1rios de todo o pa\u00eds realizam, entre 19h do dia 11 e 14h do dia 12 de novembro, assembleias para delibera\u00e7\u00e3o sobre a proposta de Acordo Coletivo de Trabalho (ACT) do Sa\u00fade Caixa (confirme o hor\u00e1rio da assembleia em seu sindicato).<\/p>\n<p>Na grande maioria das localidades (bases sindicais), a vota\u00e7\u00e3o ser\u00e1 feita de forma on-line, pelo site da plataforma de vota\u00e7\u00e3o eletr\u00f4nica <a href=\"https:\/\/bancarios.votabem.com.br\/\" target=\"_blank\" rel=\"noopener noreferrer\">https:\/\/bancarios.votabem.com.br<\/a> (exceto nas bases dos sindicatos de S\u00e3o Paulo, Osasco e Regi\u00e3o; do Esp\u00edrito Santo; da Bahia; e em alguns sindicatos do Rio Grande do Sul).<\/p>\n<p>Antes da vota\u00e7\u00e3o, os sindicatos realizar\u00e3o plen\u00e1rias para esclarecimentos de d\u00favidas sobre o acordo (veja no sindicato de sua localidade como participar da plan\u00e1ria).<\/p>\n<h2><strong>Quem pode votar<\/strong><\/h2>\n<p>Todas as empregadas e empregados da ativa, aposentadas, aposentados e pensionistas que sejam usu\u00e1rias e usu\u00e1rios titulares do plano de sa\u00fade podem exercer o direito de voto.<\/p>\n<h2><strong>Analise a minuta<\/strong><\/h2>\n<p>A Contraf-CUT recebeu da Caixa a reda\u00e7\u00e3o final da minuta do acordo era mais de 22h de segunda-feira (11) e disponibiliza aqui para que, antes das plen\u00e1rias e das assembleias, os usu\u00e1rios possam analisar o documento antecipadamente e esclarecer suas d\u00favidas nas plen\u00e1rias.<\/p>\n<p>&gt;&gt;&gt;&gt;&gt; <a href=\"https:\/\/contrafcut.com.br\/data\/files\/1D\/86\/15\/C2\/C537A910A92AA3A9820808A8\/MINUTA_Aditivo_ACT_SAUDE_CAIXA_CONTRAF_2025.pdf.pdf\">Clique aqui e leia a minuta<\/a><\/p>\n<p><strong>Fonte: Contraf-CUT<\/strong><\/p>\n","protected":false},"excerpt":{"rendered":"<p>Sindicatos de banc\u00e1rios de todo o pa\u00eds realizam, entre 19h do dia 11 e 14h do dia 12 de novembro, assembleias para delibera\u00e7\u00e3o sobre a proposta de Acordo Coletivo de Trabalho (ACT) do Sa\u00fade Caixa (confirme o hor\u00e1rio da assembleia em seu sindicato). Na grande maioria das localidades (bases sindicais), a vota\u00e7\u00e3o ser\u00e1 feita de [&hellip;]<\/p>\n","protected":false},"author":2,"featured_media":16878,"comment_status":"","ping_status":"","sticky":false,"template":"","format":"standard","meta":{"footnotes":""},"categories":[3],"tags":[],"class_list":["post-16879","post","type-post","status-publish","format-standard","has-post-thumbnail","hentry","category-noticias"],"_links":{"self":[{"href":"https:\/\/hostnetart.com.br\/baixada\/wp-json\/wp\/v2\/posts\/16879","targetHints":{"allow":["GET"]}}],"collection":[{"href":"https:\/\/hostnetart.com.br\/baixada\/wp-json\/wp\/v2\/posts"}],"about":[{"href":"https:\/\/hostnetart.com.br\/baixada\/wp-json\/wp\/v2\/types\/post"}],"author":[{"embeddable":true,"href":"https:\/\/hostnetart.com.br\/baixada\/wp-json\/wp\/v2\/users\/2"}],"replies":[{"embeddable":true,"href":"https:\/\/hostnetart.com.br\/baixada\/wp-json\/wp\/v2\/comments?post=16879"}],"version-history":[{"count":0,"href":"https:\/\/hostnetart.com.br\/baixada\/wp-json\/wp\/v2\/posts\/16879\/revisions"}],"wp:featuredmedia":[{"embeddable":true,"href":"https:\/\/hostnetart.com.br\/baixada\/wp-json\/wp\/v2\/media\/16878"}],"wp:attachment":[{"href":"https:\/\/hostnetart.com.br\/baixada\/wp-json\/wp\/v2\/media?parent=16879"}],"wp:term":[{"taxonomy":"category","embeddable":true,"href":"https:\/\/hostnetart.com.br\/baixada\/wp-json\/wp\/v2\/categories?post=16879"},{"taxonomy":"post_tag","embeddable":true,"href":"https:\/\/hostnetart.com.br\/baixada\/wp-json\/wp\/v2\/tags?post=16879"}],"curies":[{"name":"wp","href":"https:\/\/api.w.org\/{rel}","templated":true}]}}