{"id":16861,"date":"2025-11-06T18:26:02","date_gmt":"2025-11-06T21:26:02","guid":{"rendered":"https:\/\/hostnetart.com.br\/baixada\/assembleia-da-caixa-ocorre-nos-dias-11-e-12-de-novembro\/"},"modified":"2025-11-06T18:26:02","modified_gmt":"2025-11-06T21:26:02","slug":"assembleia-da-caixa-ocorre-nos-dias-11-e-12-de-novembro","status":"publish","type":"post","link":"https:\/\/hostnetart.com.br\/baixada\/assembleia-da-caixa-ocorre-nos-dias-11-e-12-de-novembro\/","title":{"rendered":"Assembleia da Caixa ocorre nos dias 11 e 12 de novembro"},"content":{"rendered":"<p>Banc\u00e1rias e banc\u00e1rios, benefici\u00e1rios titulares do Sa\u00fade Caixa, s\u00f3cios e n\u00e3o s\u00f3cios, da base territorial do Sindicato dos Banc\u00e1rios da Baixada Fluminense, que prestam servi\u00e7o para a Caixa Econ\u00f4mica Federal,\u00a0participar\u00e3o de <strong>assembleia<\/strong> remota, para <strong>deliberar<\/strong> sobre a <strong>Aprova\u00e7\u00e3o do Acordo Coletivo de Trabalho Sa\u00fade Caixa 2026 com vig\u00eancia de 1\u00ba de janeiro de 2026 a 31 de agosto de 2026<\/strong>.<\/p>\n<p>A assembleia ocorre\u00a0<span dir=\"ltr\">nos dias 11 e 12 de novembro de 2025.\u00a0<\/span><\/p>\n<p><span dir=\"ltr\">Com vota\u00e7\u00e3o das 19 horas do dia 11\/11 at\u00e9 \u00e0s 14 horas do dia 12\/11.<\/span><\/p>\n<p><strong><span dir=\"ltr\">PLEN\u00c1RIA<\/span><\/strong><\/p>\n<p><span dir=\"ltr\">Haver\u00e1 uma plen\u00e1ria presencial, dia 11 de novembro, com in\u00edcio \u00e0s 18 horas, que ir\u00e1 preceder a assembleia.<\/span><\/p>\n<p><span dir=\"ltr\">Ser\u00e1 na Sede do Sindicato, localizada na Rua Professor Henrique Ferreira Gomes 179 &#8211; Centro &#8211; Duque de Caxias\/RJ.\u00a0<\/span><\/p>\n<p><b>PARA VOTAR<\/b><\/p>\n<div class=\"itemFullText\">\n<p>Para votar e participar, basta acessar o link de vota\u00e7\u00e3o:\u00a0<a href=\"https:\/\/bancarios.votabem.com.br\/\">https:\/\/bancarios.votabem.com.br\/<\/a><\/p>\n<p>O link estar\u00e1, tamb\u00e9m, dispon\u00edvel em nosso site (<a href=\"http:\/\/www.bancariosbaixada.org.br\/\">http:\/\/www.bancariosbaixada.org.br<\/a>)<\/p>\n<p><strong>IMPORTANTE<\/strong><\/p>\n<p>O Sindicato indica a aprova\u00e7\u00e3o do acordo.<\/p>\n<\/div>\n","protected":false},"excerpt":{"rendered":"<p>Banc\u00e1rias e banc\u00e1rios, benefici\u00e1rios titulares do Sa\u00fade Caixa, s\u00f3cios e n\u00e3o s\u00f3cios, da base territorial do Sindicato dos Banc\u00e1rios da Baixada Fluminense, que prestam servi\u00e7o para a Caixa Econ\u00f4mica Federal,\u00a0participar\u00e3o de assembleia remota, para deliberar sobre a Aprova\u00e7\u00e3o do Acordo Coletivo de Trabalho Sa\u00fade Caixa 2026 com vig\u00eancia de 1\u00ba de janeiro de 2026 a [&hellip;]<\/p>\n","protected":false},"author":2,"featured_media":16860,"comment_status":"","ping_status":"","sticky":false,"template":"","format":"standard","meta":{"footnotes":""},"categories":[3],"tags":[],"class_list":["post-16861","post","type-post","status-publish","format-standard","has-post-thumbnail","hentry","category-noticias"],"_links":{"self":[{"href":"https:\/\/hostnetart.com.br\/baixada\/wp-json\/wp\/v2\/posts\/16861","targetHints":{"allow":["GET"]}}],"collection":[{"href":"https:\/\/hostnetart.com.br\/baixada\/wp-json\/wp\/v2\/posts"}],"about":[{"href":"https:\/\/hostnetart.com.br\/baixada\/wp-json\/wp\/v2\/types\/post"}],"author":[{"embeddable":true,"href":"https:\/\/hostnetart.com.br\/baixada\/wp-json\/wp\/v2\/users\/2"}],"replies":[{"embeddable":true,"href":"https:\/\/hostnetart.com.br\/baixada\/wp-json\/wp\/v2\/comments?post=16861"}],"version-history":[{"count":0,"href":"https:\/\/hostnetart.com.br\/baixada\/wp-json\/wp\/v2\/posts\/16861\/revisions"}],"wp:featuredmedia":[{"embeddable":true,"href":"https:\/\/hostnetart.com.br\/baixada\/wp-json\/wp\/v2\/media\/16860"}],"wp:attachment":[{"href":"https:\/\/hostnetart.com.br\/baixada\/wp-json\/wp\/v2\/media?parent=16861"}],"wp:term":[{"taxonomy":"category","embeddable":true,"href":"https:\/\/hostnetart.com.br\/baixada\/wp-json\/wp\/v2\/categories?post=16861"},{"taxonomy":"post_tag","embeddable":true,"href":"https:\/\/hostnetart.com.br\/baixada\/wp-json\/wp\/v2\/tags?post=16861"}],"curies":[{"name":"wp","href":"https:\/\/api.w.org\/{rel}","templated":true}]}}